{"id":32773,"date":"2019-10-11T08:56:41","date_gmt":"2019-10-11T13:56:41","guid":{"rendered":"http:\/\/www.revistazetta.com\/?p=32773"},"modified":"2019-10-11T08:56:41","modified_gmt":"2019-10-11T13:56:41","slug":"concejal-marin-pregunta-recursos-parques-edificaciones","status":"publish","type":"post","link":"https:\/\/revistazetta.com\/?p=32773","title":{"rendered":"Concejal Mar\u00edn pregunta por recursos para parques y edificaciones"},"content":{"rendered":"<blockquote><p><strong>\u201c\u00bfEn qu\u00e9 se invirtieron $1.200 millones que se asignaron para parques y mejoramiento de edificaciones?\u201d pregunt\u00f3 el concejal.-<\/strong><\/p><\/blockquote>\n<p>En la plenaria de este jueves el concejal Oscar Marin solicit\u00f3 de manera verbal y formal al jefe de presupuesto que se le d\u00e9 respuesta a un interrogante para saber en que fueron invertidos el presupuesto que se aprob\u00f3 en meses pasados.<\/p>\n<p>\u201cSe designaron unos recursos de 500 millones de pesos para parques y 700 millones para el mejoramiento del edificio Galera, es decir mil doscientos millones de pesos, donde est\u00e1n esos recursos\u201d manifest\u00f3 el concejal por el partido conservador.<\/p>\n<p>\u201cLo que quiero es que me certifiquen en que se invirtieron esos recursos, donde est\u00e1n esos recursos y si a\u00fan existen\u201d manifest\u00f3 el cabildante.<\/p>\n<p>\u201cEstamos a dos meses que se termine este periodo y al parecer estos recursos fueron desviados a otras actividades diferentes a las que fueron asignadas\u201d finaliz\u00f3.<\/p>\n","protected":false},"excerpt":{"rendered":"<p>\u201c\u00bfEn qu\u00e9 se invirtieron $1.200 millones que se asignaron para parques y mejoramiento de edificaciones?\u201d pregunt\u00f3 el concejal.- En la plenaria de este jueves el concejal Oscar Marin solicit\u00f3 de manera verbal y formal al jefe de presupuesto que se le d\u00e9 respuesta a un interrogante para saber en que fueron invertidos el presupuesto que se aprob\u00f3 en meses pasados. \u201cSe designaron unos recursos de 500 millones de pesos para parques y 700 millones para el mejoramiento del edificio Galera, es decir mil doscientos millones de pesos, donde est\u00e1n esos&#8230; <\/p>\n","protected":false},"author":3,"featured_media":32774,"comment_status":"open","ping_status":"closed","sticky":false,"template":"","format":"standard","meta":{"footnotes":"","_links_to":"","_links_to_target":""},"categories":[4],"tags":[],"class_list":["post-32773","post","type-post","status-publish","format-standard","has-post-thumbnail","hentry","category-politica"],"_links":{"self":[{"href":"https:\/\/revistazetta.com\/index.php?rest_route=\/wp\/v2\/posts\/32773","targetHints":{"allow":["GET"]}}],"collection":[{"href":"https:\/\/revistazetta.com\/index.php?rest_route=\/wp\/v2\/posts"}],"about":[{"href":"https:\/\/revistazetta.com\/index.php?rest_route=\/wp\/v2\/types\/post"}],"author":[{"embeddable":true,"href":"https:\/\/revistazetta.com\/index.php?rest_route=\/wp\/v2\/users\/3"}],"replies":[{"embeddable":true,"href":"https:\/\/revistazetta.com\/index.php?rest_route=%2Fwp%2Fv2%2Fcomments&post=32773"}],"version-history":[{"count":0,"href":"https:\/\/revistazetta.com\/index.php?rest_route=\/wp\/v2\/posts\/32773\/revisions"}],"wp:featuredmedia":[{"embeddable":true,"href":"https:\/\/revistazetta.com\/index.php?rest_route=\/wp\/v2\/media\/32774"}],"wp:attachment":[{"href":"https:\/\/revistazetta.com\/index.php?rest_route=%2Fwp%2Fv2%2Fmedia&parent=32773"}],"wp:term":[{"taxonomy":"category","embeddable":true,"href":"https:\/\/revistazetta.com\/index.php?rest_route=%2Fwp%2Fv2%2Fcategories&post=32773"},{"taxonomy":"post_tag","embeddable":true,"href":"https:\/\/revistazetta.com\/index.php?rest_route=%2Fwp%2Fv2%2Ftags&post=32773"}],"curies":[{"name":"wp","href":"https:\/\/api.w.org\/{rel}","templated":true}]}}