{"id":32775,"date":"2019-10-11T09:07:52","date_gmt":"2019-10-11T14:07:52","guid":{"rendered":"http:\/\/www.revistazetta.com\/?p=32775"},"modified":"2019-10-11T09:08:22","modified_gmt":"2019-10-11T14:08:22","slug":"transformar-cartagena-ganas-cristian-herazo","status":"publish","type":"post","link":"https:\/\/revistazetta.com\/?p=32775","title":{"rendered":"Para transformar a Cartagena hay que tener ganas: Cristian Herazo"},"content":{"rendered":"<blockquote><p><strong>Cristian Herazo sigue con paso firme hacia el Concejo de Cartagena.<\/strong><\/p><\/blockquote>\n<p>El joven conservador Cristian Herazo contin\u00faa motivado recorriendo los barrios de la ciudad, porque cada d\u00eda son m\u00e1s los simpatizantes que se suman a su proyecto al Concejo de Cartagena. Y eso se vi\u00f3 reflejado en el masivo respaldo que recibi\u00f3 de los habitantes de Olaya, las palmeras y el Poz\u00f3n.<\/p>\n<p>\u201cMe llena de orgullo saber que hay tantas personas que se identifican con este proyecto que hemos emprendido, que tienen las mismas ganas que yo de transformar nuestra ciudad y que este 27 de octubre van a permitir que marquemos la diferencia en las urnas. Con la ayuda de Dios y de los Cartageneros vamos a llegar a ese Cabildo, porque el reto es de todos\u201d.<\/p>\n<p>?Concejo C- 2 ?<\/p>\n<p>&nbsp;<\/p>\n","protected":false},"excerpt":{"rendered":"<p>Cristian Herazo sigue con paso firme hacia el Concejo de Cartagena. El joven conservador Cristian Herazo contin\u00faa motivado recorriendo los barrios de la ciudad, porque cada d\u00eda son m\u00e1s los simpatizantes que se suman a su proyecto al Concejo de Cartagena. Y eso se vi\u00f3 reflejado en el masivo respaldo que recibi\u00f3 de los habitantes de Olaya, las palmeras y el Poz\u00f3n. \u201cMe llena de orgullo saber que hay tantas personas que se identifican con este proyecto que hemos emprendido, que tienen las mismas ganas que yo de transformar nuestra&#8230; <\/p>\n","protected":false},"author":3,"featured_media":32776,"comment_status":"open","ping_status":"closed","sticky":false,"template":"","format":"standard","meta":{"footnotes":"","_links_to":"","_links_to_target":""},"categories":[75,4],"tags":[],"class_list":["post-32775","post","type-post","status-publish","format-standard","has-post-thumbnail","hentry","category-destacada","category-politica"],"_links":{"self":[{"href":"https:\/\/revistazetta.com\/index.php?rest_route=\/wp\/v2\/posts\/32775","targetHints":{"allow":["GET"]}}],"collection":[{"href":"https:\/\/revistazetta.com\/index.php?rest_route=\/wp\/v2\/posts"}],"about":[{"href":"https:\/\/revistazetta.com\/index.php?rest_route=\/wp\/v2\/types\/post"}],"author":[{"embeddable":true,"href":"https:\/\/revistazetta.com\/index.php?rest_route=\/wp\/v2\/users\/3"}],"replies":[{"embeddable":true,"href":"https:\/\/revistazetta.com\/index.php?rest_route=%2Fwp%2Fv2%2Fcomments&post=32775"}],"version-history":[{"count":0,"href":"https:\/\/revistazetta.com\/index.php?rest_route=\/wp\/v2\/posts\/32775\/revisions"}],"wp:featuredmedia":[{"embeddable":true,"href":"https:\/\/revistazetta.com\/index.php?rest_route=\/wp\/v2\/media\/32776"}],"wp:attachment":[{"href":"https:\/\/revistazetta.com\/index.php?rest_route=%2Fwp%2Fv2%2Fmedia&parent=32775"}],"wp:term":[{"taxonomy":"category","embeddable":true,"href":"https:\/\/revistazetta.com\/index.php?rest_route=%2Fwp%2Fv2%2Fcategories&post=32775"},{"taxonomy":"post_tag","embeddable":true,"href":"https:\/\/revistazetta.com\/index.php?rest_route=%2Fwp%2Fv2%2Ftags&post=32775"}],"curies":[{"name":"wp","href":"https:\/\/api.w.org\/{rel}","templated":true}]}}