{"id":32779,"date":"2019-10-11T09:19:22","date_gmt":"2019-10-11T14:19:22","guid":{"rendered":"http:\/\/www.revistazetta.com\/?p=32779"},"modified":"2019-10-11T09:19:22","modified_gmt":"2019-10-11T14:19:22","slug":"gran-noche-candela-bailes-cantaos-etelvina-maldonado","status":"publish","type":"post","link":"https:\/\/revistazetta.com\/?p=32779","title":{"rendered":"Gran Noche de Candela y Bailes Cantaos \u00abEtelvina Maldonado\u00bb"},"content":{"rendered":"<p>\u00a1Lleg\u00f3 una noche llena de magia en Cartagena!<\/p>\n<p>Este viernes 11 de octubre, las calles del Centro Hist\u00f3rico ser\u00e1n el escenario de la Gran Noche de Candela y Bailes Cantaos \u00abEtelvina Maldonado\u00bb, en la que rendiremos tributo al fuego y a nuestros ritmos tradicionales en la voz de grandes artistas como:<\/p>\n<p>*\ufe0f\u20e3\u00a0Adriana Luc\u00eda, artista colombiana y cantadora de porros.<br \/>\n*\ufe0f\u20e3\u00a0Tambores de Cabildo, j\u00f3venes que destacan los ritmos del Caribe.<br \/>\n*\ufe0f\u20e3\u00a0Pabla Flores \u00abLa Payi\u00bb, cantadora de Bullerengue nacida en Mar\u00eda La Baja.<br \/>\n*\ufe0f\u20e3\u00a0Voces del Bullerengue, nominadas a los Grammy Latinos 2019 con su producci\u00f3n An\u00f3nimas &amp; Resilientes.<br \/>\n*\ufe0f\u20e3\u00a0Manuela Torres, Cantadoras de bullerengue y pajarito.<br \/>\n*\ufe0f\u20e3\u00a0Corraleros, hijos de Eliseo Herrera &#8216;Rey del Trabalenguas&#8217;<br \/>\n*\ufe0f\u20e3\u00a0Joselina Llerena Mart\u00ednez, cantadora de bullerengue, chalupa y puya y quinta hija de la gran Petrona Mart\u00ednez.<br \/>\n*\ufe0f\u20e3\u00a0Martina Camargo, la sirena del Magdalena.<\/p>\n<p>#ResuenaCartagena con #FiestasParaTodos<\/p>\n","protected":false},"excerpt":{"rendered":"<p>\u00a1Lleg\u00f3 una noche llena de magia en Cartagena! Este viernes 11 de octubre, las calles del Centro Hist\u00f3rico ser\u00e1n el escenario de la Gran Noche de Candela y Bailes Cantaos \u00abEtelvina Maldonado\u00bb, en la que rendiremos tributo al fuego y a nuestros ritmos tradicionales en la voz de grandes artistas como: *\ufe0f\u20e3\u00a0Adriana Luc\u00eda, artista colombiana y cantadora de porros. *\ufe0f\u20e3\u00a0Tambores de Cabildo, j\u00f3venes que destacan los ritmos del Caribe. *\ufe0f\u20e3\u00a0Pabla Flores \u00abLa Payi\u00bb, cantadora de Bullerengue nacida en Mar\u00eda La Baja. *\ufe0f\u20e3\u00a0Voces del Bullerengue, nominadas a los Grammy Latinos 2019&#8230; <\/p>\n","protected":false},"author":3,"featured_media":32780,"comment_status":"open","ping_status":"closed","sticky":false,"template":"","format":"standard","meta":{"footnotes":"","_links_to":"","_links_to_target":""},"categories":[75,41,43],"tags":[],"class_list":["post-32779","post","type-post","status-publish","format-standard","has-post-thumbnail","hentry","category-destacada","category-cultura","category-cultura-musica"],"_links":{"self":[{"href":"https:\/\/revistazetta.com\/index.php?rest_route=\/wp\/v2\/posts\/32779","targetHints":{"allow":["GET"]}}],"collection":[{"href":"https:\/\/revistazetta.com\/index.php?rest_route=\/wp\/v2\/posts"}],"about":[{"href":"https:\/\/revistazetta.com\/index.php?rest_route=\/wp\/v2\/types\/post"}],"author":[{"embeddable":true,"href":"https:\/\/revistazetta.com\/index.php?rest_route=\/wp\/v2\/users\/3"}],"replies":[{"embeddable":true,"href":"https:\/\/revistazetta.com\/index.php?rest_route=%2Fwp%2Fv2%2Fcomments&post=32779"}],"version-history":[{"count":0,"href":"https:\/\/revistazetta.com\/index.php?rest_route=\/wp\/v2\/posts\/32779\/revisions"}],"wp:featuredmedia":[{"embeddable":true,"href":"https:\/\/revistazetta.com\/index.php?rest_route=\/wp\/v2\/media\/32780"}],"wp:attachment":[{"href":"https:\/\/revistazetta.com\/index.php?rest_route=%2Fwp%2Fv2%2Fmedia&parent=32779"}],"wp:term":[{"taxonomy":"category","embeddable":true,"href":"https:\/\/revistazetta.com\/index.php?rest_route=%2Fwp%2Fv2%2Fcategories&post=32779"},{"taxonomy":"post_tag","embeddable":true,"href":"https:\/\/revistazetta.com\/index.php?rest_route=%2Fwp%2Fv2%2Ftags&post=32779"}],"curies":[{"name":"wp","href":"https:\/\/api.w.org\/{rel}","templated":true}]}}