{"id":32787,"date":"2019-10-12T07:53:55","date_gmt":"2019-10-12T12:53:55","guid":{"rendered":"http:\/\/www.revistazetta.com\/?p=32787"},"modified":"2019-10-12T07:55:43","modified_gmt":"2019-10-12T12:55:43","slug":"32787","status":"publish","type":"post","link":"https:\/\/revistazetta.com\/?p=32787","title":{"rendered":"Cartagena, nicho de la econom\u00eda naranja: Ixel Moda \/ CamCartagena"},"content":{"rendered":"<p>La C\u00e1mara de Comercio de Cartagena, con 30 de sus empresarios de los n\u00facleos empresariales, participa como aliado estrat\u00e9gico en el IX Congreso Latinoamericano de Moda, Ixel Moda 2019, que re\u00fane este fin de semana a toda la cadena de valor de la industria creativa de Latinom\u00e9rica.<\/p>\n<p><img loading=\"lazy\" decoding=\"async\" class=\"size-medium wp-image-32789 alignright\" src=\"https:\/\/www.revistazetta.com\/wp-content\/uploads\/2019\/10\/PHOTO-2019-10-11-18-53-00-300x200.jpg\" alt=\"\" width=\"300\" height=\"200\" \/>Juan Pablo V\u00e9lez Castellanos, Presidente Ejecutivo (e) de la entidad cameral, indic\u00f3 que Ixel Moda sirve como punto de integraci\u00f3n para toda la industria de la moda, as\u00ed como una excelente plataforma dinamizadora para la estrategia institucional Cartagena Creativa Destino de Moda, que permite desarrollar fortalezas de cara a los nuevos escenarios competitivos, fomentando la cultura del emprendimiento desde el marco de la sustentabilidad.<\/p>\n<p>\u00abQueremos, de esta manera aumentar, los niveles de visibilizaci\u00f3n y comunicaci\u00f3n de los actores de la cadena de industrias creativas en moda, gastronom\u00eda, m\u00fasica, arte e interiorismo de nuestra ciudad y regi\u00f3n ante el mundo. La C\u00e1mara, como articuladora del tejido empresarial, promueve estos escenarios de fortalecimiento empresarial y promoci\u00f3n para mejorar el desarrollo tur\u00edstico y comercial de nuestro territorio\u201d, se\u00f1al\u00f3 V\u00e9lez.<\/p>\n<p><strong>Alianza que se consolida<\/strong><\/p>\n<p>Durante el segundo d\u00eda de Ixel, V\u00e9lez Castellanos confirm\u00f3 la firma de un convenio con la direcci\u00f3n ejecutiva de dicha organizaci\u00f3n, en cabeza de Erika Rohenes, con el fin de apoyar la realizaci\u00f3n del mismo durante los pr\u00f3ximos tres a\u00f1os, por lo que, a partir de la actual versi\u00f3n, este se realizar\u00e1 de forma anual, y no bienal.<\/p>\n<p>En Ixel Moda 2019, la C\u00e1mara de Comercio de Cartagena, adem\u00e1s, de ser aliado estrat\u00e9gico del evento, participa en tres escenarios distintos con el fin de visibilizar a las Mipymes que vienen trabajando en sus diferentes programas de fortalecimiento.<\/p>\n<p>El primero es presencia en pasarela, para lo cual se seleccionaron a 4 empresarios del n\u00facleo textil y 7 empresarios del n\u00facleo de accesorios, quienes participaron este jueves exhibiendo nuevas colecciones producto de un proceso de asistencia t\u00e9cnica que se realiz\u00f3 exclusivamente para el evento.<\/p>\n<p>Por otra parte, los empresarios tienen desde el comienzo del congreso, presencia en muestras comerciales con el fin de visibilizar sus productos y generar relacionamiento con los asistentes. El tercer escenario es la denominada Plaza Pasi\u00f3n, una muestra gastron\u00f3mica donde 5 representantes de nuestro n\u00facleo de restaurantes dan a conocer su oferta culinaria, con la presentaci\u00f3n en tarima de 10 de los grupos musicales y danc\u00edsticos de la ciudad para promocionar todo el talento cultural y gastron\u00f3mico cartagenero y bolivarense.<\/p>\n<p>&nbsp;<\/p>\n<p><strong>Los participantes<\/strong><\/p>\n<p>En el encuentro, participan, por parte del n\u00facleo de textiles y accesorios, las marcas Dos Mulatas (confecciones), And\u00e1ra (calzado), Ua\u00eda (bolsos), Kactoz (confecciones), Miranda Artisan Couture (calzado), Adriana Hern\u00e1ndez (confecciones), Liguery Cueros (accesorios), Marta Mart\u00ednez (accesorios), Ros\u00e9 (joyer\u00eda), M\u00edster and Junior (confecciones), Vivies (bolsos y accesorios), Viva \u00c1frica (confecciones), Indyluna Dise\u00f1os (calzado) y Carolina Ripoll (accesorios); y por el n\u00facleo de restaurantes participan las firmas Sierpe Cocina Caribe, Tokyo Asian Food, Guatila Cocina Colombiana de Autor, Ch\u00e1chara y The Clock Pub.<\/p>\n<p>Por la parte musical acompa\u00f1an: Saxofonista Jazz-Carlos Alfonso Barrios, Candil\u00e9, Batambora y Kilele Son, Viento Pulsao Live Music, Chambac\u00fa, Fusi\u00f3n Caribe, Orquesta de Cristina Castillo, Coro Gospell, Dj Fetcho, All Afrik y Los In\u00e9ditos.<\/p>\n<p>&nbsp;<\/p>\n","protected":false},"excerpt":{"rendered":"<p>La C\u00e1mara de Comercio de Cartagena, con 30 de sus empresarios de los n\u00facleos empresariales, participa como aliado estrat\u00e9gico en el IX Congreso Latinoamericano de Moda, Ixel Moda 2019, que re\u00fane este fin de semana a toda la cadena de valor de la industria creativa de Latinom\u00e9rica. Juan Pablo V\u00e9lez Castellanos, Presidente Ejecutivo (e) de la entidad cameral, indic\u00f3 que Ixel Moda sirve como punto de integraci\u00f3n para toda la industria de la moda, as\u00ed como una excelente plataforma dinamizadora para la estrategia institucional Cartagena Creativa Destino de Moda, que&#8230; <\/p>\n","protected":false},"author":3,"featured_media":32788,"comment_status":"open","ping_status":"closed","sticky":false,"template":"","format":"standard","meta":{"footnotes":"","_links_to":"","_links_to_target":""},"categories":[3,50],"tags":[],"class_list":["post-32787","post","type-post","status-publish","format-standard","has-post-thumbnail","hentry","category-ciudad","category-empresa"],"_links":{"self":[{"href":"https:\/\/revistazetta.com\/index.php?rest_route=\/wp\/v2\/posts\/32787","targetHints":{"allow":["GET"]}}],"collection":[{"href":"https:\/\/revistazetta.com\/index.php?rest_route=\/wp\/v2\/posts"}],"about":[{"href":"https:\/\/revistazetta.com\/index.php?rest_route=\/wp\/v2\/types\/post"}],"author":[{"embeddable":true,"href":"https:\/\/revistazetta.com\/index.php?rest_route=\/wp\/v2\/users\/3"}],"replies":[{"embeddable":true,"href":"https:\/\/revistazetta.com\/index.php?rest_route=%2Fwp%2Fv2%2Fcomments&post=32787"}],"version-history":[{"count":0,"href":"https:\/\/revistazetta.com\/index.php?rest_route=\/wp\/v2\/posts\/32787\/revisions"}],"wp:featuredmedia":[{"embeddable":true,"href":"https:\/\/revistazetta.com\/index.php?rest_route=\/wp\/v2\/media\/32788"}],"wp:attachment":[{"href":"https:\/\/revistazetta.com\/index.php?rest_route=%2Fwp%2Fv2%2Fmedia&parent=32787"}],"wp:term":[{"taxonomy":"category","embeddable":true,"href":"https:\/\/revistazetta.com\/index.php?rest_route=%2Fwp%2Fv2%2Fcategories&post=32787"},{"taxonomy":"post_tag","embeddable":true,"href":"https:\/\/revistazetta.com\/index.php?rest_route=%2Fwp%2Fv2%2Ftags&post=32787"}],"curies":[{"name":"wp","href":"https:\/\/api.w.org\/{rel}","templated":true}]}}