{"id":32793,"date":"2019-10-12T08:33:52","date_gmt":"2019-10-12T13:33:52","guid":{"rendered":"http:\/\/www.revistazetta.com\/?p=32793"},"modified":"2019-10-12T08:33:52","modified_gmt":"2019-10-12T13:33:52","slug":"vicentico-firma-pacto-social-campesinado-montes-maria","status":"publish","type":"post","link":"https:\/\/revistazetta.com\/?p=32793","title":{"rendered":"Vicentico firma pacto social con campesinado de Montes de Mar\u00eda"},"content":{"rendered":"<blockquote><p><strong>Vicentico Blel recibe masivo respaldo en Los Montes de Mar\u00eda<\/strong><\/p><\/blockquote>\n<p>En su firme compromiso porque sus\u00a0propuestas se escuchen hasta en el \u00faltimo rinc\u00f3n del departamento, el candidato a la Gobernaci\u00f3n de Bol\u00edvar, Vicentico Blel Scaff, lleg\u00f3 a la alta monta\u00f1a de los Montes de Mar\u00eda, donde fue recibido con cari\u00f1o por los pobladores.<\/p>\n<p>Desde esta importante zona, el pr\u00f3ximo gobernador de Bol\u00edvar ratific\u00f3 ante cientos de personas su compromiso con el campo y anunci\u00f3 acompa\u00f1amiento permanente de su administraci\u00f3n a los campesinos, llevando proyectos productivos que les ayuden a mejorar su calidad de vida.<\/p>\n<p>\u00abHoy firmamos un gran pacto social con todo el campesinado de la regi\u00f3n, para priorizar la inversi\u00f3n en la zona. El Bol\u00edvar Primero traer\u00e1 toda la oferta de la Gobernaci\u00f3n y har\u00e1 presencia permanente\u00bb, expres\u00f3 Vicentico Blel.<\/p>\n<p>Es importante destacar que esta es la primera vez que un candidato a la Gobernaci\u00f3n de Bol\u00edvar se compromete a hacer realidad los planes de desarrollo con enfoque territorial, impactando de manera directa y positiva a toda la poblaci\u00f3n de la alta monta\u00f1a.<\/p>\n<p>As\u00ed mismo, el Bol\u00edvar Primero reafirma su compromiso con tener subregiones prosperas dentro de un territorio l\u00edder.<\/p>\n<p>&nbsp;<\/p>\n","protected":false},"excerpt":{"rendered":"<p>Vicentico Blel recibe masivo respaldo en Los Montes de Mar\u00eda En su firme compromiso porque sus\u00a0propuestas se escuchen hasta en el \u00faltimo rinc\u00f3n del departamento, el candidato a la Gobernaci\u00f3n de Bol\u00edvar, Vicentico Blel Scaff, lleg\u00f3 a la alta monta\u00f1a de los Montes de Mar\u00eda, donde fue recibido con cari\u00f1o por los pobladores. Desde esta importante zona, el pr\u00f3ximo gobernador de Bol\u00edvar ratific\u00f3 ante cientos de personas su compromiso con el campo y anunci\u00f3 acompa\u00f1amiento permanente de su administraci\u00f3n a los campesinos, llevando proyectos productivos que les ayuden a mejorar&#8230; <\/p>\n","protected":false},"author":3,"featured_media":32794,"comment_status":"open","ping_status":"closed","sticky":false,"template":"","format":"standard","meta":{"footnotes":"","_links_to":"","_links_to_target":""},"categories":[75,4],"tags":[],"class_list":["post-32793","post","type-post","status-publish","format-standard","has-post-thumbnail","hentry","category-destacada","category-politica"],"_links":{"self":[{"href":"https:\/\/revistazetta.com\/index.php?rest_route=\/wp\/v2\/posts\/32793","targetHints":{"allow":["GET"]}}],"collection":[{"href":"https:\/\/revistazetta.com\/index.php?rest_route=\/wp\/v2\/posts"}],"about":[{"href":"https:\/\/revistazetta.com\/index.php?rest_route=\/wp\/v2\/types\/post"}],"author":[{"embeddable":true,"href":"https:\/\/revistazetta.com\/index.php?rest_route=\/wp\/v2\/users\/3"}],"replies":[{"embeddable":true,"href":"https:\/\/revistazetta.com\/index.php?rest_route=%2Fwp%2Fv2%2Fcomments&post=32793"}],"version-history":[{"count":0,"href":"https:\/\/revistazetta.com\/index.php?rest_route=\/wp\/v2\/posts\/32793\/revisions"}],"wp:featuredmedia":[{"embeddable":true,"href":"https:\/\/revistazetta.com\/index.php?rest_route=\/wp\/v2\/media\/32794"}],"wp:attachment":[{"href":"https:\/\/revistazetta.com\/index.php?rest_route=%2Fwp%2Fv2%2Fmedia&parent=32793"}],"wp:term":[{"taxonomy":"category","embeddable":true,"href":"https:\/\/revistazetta.com\/index.php?rest_route=%2Fwp%2Fv2%2Fcategories&post=32793"},{"taxonomy":"post_tag","embeddable":true,"href":"https:\/\/revistazetta.com\/index.php?rest_route=%2Fwp%2Fv2%2Ftags&post=32793"}],"curies":[{"name":"wp","href":"https:\/\/api.w.org\/{rel}","templated":true}]}}