{"id":32795,"date":"2019-10-12T08:46:16","date_gmt":"2019-10-12T13:46:16","guid":{"rendered":"http:\/\/www.revistazetta.com\/?p=32795"},"modified":"2019-10-12T08:46:16","modified_gmt":"2019-10-12T13:46:16","slug":"fuego-fuego-fuego-se-prendio-antologica-noche-candela-bailes-cantados","status":"publish","type":"post","link":"https:\/\/revistazetta.com\/?p=32795","title":{"rendered":"\u00a1Fuego&#8230; fuego&#8230; fuego, esto se prendi\u00f3!&#8230; Antol\u00f3gica Noche de Candela y Bailes Cantados"},"content":{"rendered":"<p>Cartagena vibr\u00f3 con el tradicional desfile de Noche de Candela y Bailes Cantados. Las calles del Centro Hist\u00f3rico se engalanaron con el danzar de los grupos folcl\u00f3ricos, cartageneros y turistas disfrutaron de un espect\u00e1culo lleno de color y mucha luz.<\/p>\n<p><img loading=\"lazy\" decoding=\"async\" class=\"size-medium wp-image-32797 alignright\" src=\"https:\/\/www.revistazetta.com\/wp-content\/uploads\/2019\/10\/Noche-1-300x200.jpg\" alt=\"\" width=\"300\" height=\"200\" \/>El recorrido inici\u00f3 en las B\u00f3vedas y atraves\u00f3 las principales calles del Corralito de Piedra, con el fuego de la vida y la tradici\u00f3n, que cont\u00f3 con la presencia de las 30 candidatas al Reinado de Independencia 2019, los Grandes Lanceros, Harold Herrera y Regina Guzm\u00e1n, comparsas, bandas musicales, actores festivos. Por primera vez el Ministerio de Cultura a trav\u00e9s de la Ministra Carmen V\u00e1squez, acompa\u00f1\u00f3 el recorrido, celebrando la m\u00e1s grande manifestaci\u00f3n cultural de la ciudad.<br \/>\n\u00abEsta noche es de vital importancia, es una tradici\u00f3n con un car\u00e1cter festivo y religioso supremamente poderoso, le rendimos tributo al fuego de la vida y la tradici\u00f3n, a los bailes cantados y al repicar de los tambores que evocan historia y cultura. Por eso quiero que se muevan las polleras al ritmo de estos ic\u00f3nicos temas y que resuene Cartagena\u00bb, expres\u00f3 Iv\u00e1n Sanes, director del IPCC.<\/p>\n<p>Locales y visitantes se contagiaron del \u00e1nimo, la emoci\u00f3n y esencia de las Fiestas de Independencia del 11 de Noviembre.<\/p>\n<p><strong>Homenaje a Eliseo Herrera<\/strong><br \/>\n<img loading=\"lazy\" decoding=\"async\" class=\"size-medium wp-image-32798 alignright\" src=\"https:\/\/www.revistazetta.com\/wp-content\/uploads\/2019\/10\/PHOTO-2019-10-12-08-27-43-300x200.jpg\" alt=\"\" width=\"300\" height=\"200\" \/>El espect\u00e1culo musical inici\u00f3 con la puesta en escena de Los Corraleros, hijos de Eliseo Herrera, quienes interpretaron \u00e9xitos de la m\u00fasica tradicional colombiana. La Noche de Candela y Bailes Cantados rindi\u00f3 especial homenaje al maestro El\u00edseo Herrera, el cantautor y compositor que con sus \u00e9xitos se convirti\u00f3 en una joya invaluable para el folclor cartagenero. La familia de \u201cEl Rey del trabalenguas\u201d, recibi\u00f3 un reconocimiento por parte del director del IPCC, Iv\u00e1n Sanes y la Ministra de Cultura, Carmen V\u00e1squez en honor a su trayectoria art\u00edstica y su valioso legado al patrimonio inmaterial cultural de Cartagena de Indias.<\/p>\n<p><strong>Jolgorio de Tambores y Cantadoras<\/strong><br \/>\n<img loading=\"lazy\" decoding=\"async\" class=\"size-medium wp-image-32801 alignright\" src=\"https:\/\/www.revistazetta.com\/wp-content\/uploads\/2019\/10\/PHOTO-2019-10-12-08-27-50-300x200.jpg\" alt=\"\" width=\"300\" height=\"200\" \/>Tambores de Cabildo fue la agrupaci\u00f3n encargada de evocar la herencia africana en el escenario, los ritmos afrocolombianos hicieron agitar las polleras y resonar la Plaza de la Aduana.<br \/>\nLa noche sigui\u00f3 rindiendo un tributo a la cultura con la presentaci\u00f3n de \u201cLa ni\u00f1a\u201d, Joselina Llerena Mart\u00ednez , heredera de una gran riqueza oral y cultural,quien al ritmo de chalupa hizo gozar al p\u00fablico presente.<br \/>\nInundando el escenario con los cantos tradicionales y el bullerengue ancestral de Mar\u00eda La Baja, Pabla Flores interpret\u00f3 sus composiciones, creando historias con origen y sabor a campo. Junto a Martina Camargo, sus guachernas y chand\u00e9s, el folclor y la tradici\u00f3n siguieron reinando en la Gran Noche de Candela.<br \/>\nManuela Torres, embajadora del folclor Caribe, al igual que Voces del bullerengue, exaltaron a trav\u00e9s de sus cantos la memoria y las tradiciones caribe\u00f1as, haciendo que el sonido de los tambores se apoderara de la Aduana.<br \/>\nEstas voces cargadas de saber ancestral y cultura le dieron paso a la cordobesa, Adriana Luc\u00eda, que cerr\u00f3 con broche de oro.<br \/>\n\u201cEstoy tan feliz de estar en este escenario, compartiendo en este tipo de espacios que me parecen tan importantes, en los que honramos y respetamos a los nuestros, exaltamos al esp\u00edritu de nuestras cantadoras y reconocemos esta m\u00fasica que es tan nuestra como una m\u00fasica viva, una m\u00fasica que la gente baile. Ser conscientes que las fiestas son nuestras,son del pueblo, desde hoy hasta noviembre, y todos los d\u00edas los cartageneros deben apropiarse de lo que son sus tradiciones y su cultura\u201d con este importante mensaje cerr\u00f3 Adriana Luc\u00eda la maravillosa Noche de Candela.<\/p>\n<p>&nbsp;<\/p>\n<p>&nbsp;<\/p>\n<p><img loading=\"lazy\" decoding=\"async\" class=\"size-medium wp-image-32799 aligncenter\" src=\"https:\/\/www.revistazetta.com\/wp-content\/uploads\/2019\/10\/PHOTO-2019-10-12-08-27-44-300x200.jpg\" alt=\"\" width=\"300\" height=\"200\" \/><\/p>\n<p><img loading=\"lazy\" decoding=\"async\" class=\"size-medium wp-image-32800 aligncenter\" src=\"https:\/\/www.revistazetta.com\/wp-content\/uploads\/2019\/10\/PHOTO-2019-10-12-08-27-49-300x200.jpg\" alt=\"\" width=\"300\" height=\"200\" \/><\/p>\n<p>&nbsp;<\/p>\n","protected":false},"excerpt":{"rendered":"<p>Cartagena vibr\u00f3 con el tradicional desfile de Noche de Candela y Bailes Cantados. Las calles del Centro Hist\u00f3rico se engalanaron con el danzar de los grupos folcl\u00f3ricos, cartageneros y turistas disfrutaron de un espect\u00e1culo lleno de color y mucha luz. El recorrido inici\u00f3 en las B\u00f3vedas y atraves\u00f3 las principales calles del Corralito de Piedra, con el fuego de la vida y la tradici\u00f3n, que cont\u00f3 con la presencia de las 30 candidatas al Reinado de Independencia 2019, los Grandes Lanceros, Harold Herrera y Regina Guzm\u00e1n, comparsas, bandas musicales, actores&#8230; <\/p>\n","protected":false},"author":3,"featured_media":32796,"comment_status":"open","ping_status":"closed","sticky":false,"template":"","format":"standard","meta":{"footnotes":"","_links_to":"","_links_to_target":""},"categories":[41,75],"tags":[],"class_list":["post-32795","post","type-post","status-publish","format-standard","has-post-thumbnail","hentry","category-cultura","category-destacada"],"_links":{"self":[{"href":"https:\/\/revistazetta.com\/index.php?rest_route=\/wp\/v2\/posts\/32795","targetHints":{"allow":["GET"]}}],"collection":[{"href":"https:\/\/revistazetta.com\/index.php?rest_route=\/wp\/v2\/posts"}],"about":[{"href":"https:\/\/revistazetta.com\/index.php?rest_route=\/wp\/v2\/types\/post"}],"author":[{"embeddable":true,"href":"https:\/\/revistazetta.com\/index.php?rest_route=\/wp\/v2\/users\/3"}],"replies":[{"embeddable":true,"href":"https:\/\/revistazetta.com\/index.php?rest_route=%2Fwp%2Fv2%2Fcomments&post=32795"}],"version-history":[{"count":0,"href":"https:\/\/revistazetta.com\/index.php?rest_route=\/wp\/v2\/posts\/32795\/revisions"}],"wp:featuredmedia":[{"embeddable":true,"href":"https:\/\/revistazetta.com\/index.php?rest_route=\/wp\/v2\/media\/32796"}],"wp:attachment":[{"href":"https:\/\/revistazetta.com\/index.php?rest_route=%2Fwp%2Fv2%2Fmedia&parent=32795"}],"wp:term":[{"taxonomy":"category","embeddable":true,"href":"https:\/\/revistazetta.com\/index.php?rest_route=%2Fwp%2Fv2%2Fcategories&post=32795"},{"taxonomy":"post_tag","embeddable":true,"href":"https:\/\/revistazetta.com\/index.php?rest_route=%2Fwp%2Fv2%2Ftags&post=32795"}],"curies":[{"name":"wp","href":"https:\/\/api.w.org\/{rel}","templated":true}]}}