{"id":32819,"date":"2019-10-13T11:38:23","date_gmt":"2019-10-13T16:38:23","guid":{"rendered":"http:\/\/www.revistazetta.com\/?p=32819"},"modified":"2019-10-13T11:38:23","modified_gmt":"2019-10-13T16:38:23","slug":"vicentico-yalo-sacudieron-magangue-gran-encuentro-cultural","status":"publish","type":"post","link":"https:\/\/revistazetta.com\/?p=32819","title":{"rendered":"Vicentico y Yalo sacudieron a Magangu\u00e9 en Gran Encuentro Cultural"},"content":{"rendered":"<p>Champeta, vallenato y folcl\u00f3rico fueron los principales aires que se escucharon en el Gran Encuentro Cultural de Magangu\u00e9, que encabez\u00f3 el candidato a la Gobernaci\u00f3n Vicente Blel Scaff con el candidato a la Alcald\u00eda de ese municipio, Yalo Arana, y al que asistieron m\u00e1s de 12 mil j\u00f3venes.<\/p>\n<p>Mototaxistas, fabricantes de agua, vendedores de cerveza, agua, gaseosas, comidas, artistas, auxiliares de log\u00edstica, publicistas, periodistas, y otros sectores de la econom\u00eda se beneficiaron de este evento, donde se dinamiz\u00f3 la econom\u00eda naranja.<\/p>\n<p>\u00abAqu\u00ed estamos para comprometernos con Magangu\u00e9 y la regi\u00f3n, tanto en cultura como en todo el desarrollo agroindustrial, y la inversi\u00f3n social para hacer a Bol\u00edvar primero en el Caribe\u00bb, expres\u00f3 Blel Scaff.<\/p>\n<p>\u00abRatificamos que el potencial art\u00edstico de Magangu\u00e9 es inmenso. En la Nueva Magangu\u00f1e la cultura tendr\u00e1 el espacio privilegiado que se merece. \u00a1Gracias por una noche inolvidable\u00bb, dijo Arana a sus seguidores.<\/p>\n<p><img loading=\"lazy\" decoding=\"async\" class=\"alignnone size-medium wp-image-32821\" src=\"https:\/\/www.revistazetta.com\/wp-content\/uploads\/2019\/10\/72248619_2461725417256922_9183290684788965376_o-300x188.jpg\" alt=\"\" width=\"300\" height=\"188\" \/><\/p>\n<p><img loading=\"lazy\" decoding=\"async\" class=\"alignnone size-medium wp-image-32824\" src=\"https:\/\/www.revistazetta.com\/wp-content\/uploads\/2019\/10\/IMG_7640-300x188.jpg\" alt=\"\" width=\"300\" height=\"188\" \/><\/p>\n<p><img loading=\"lazy\" decoding=\"async\" class=\"alignnone size-medium wp-image-32823\" src=\"https:\/\/www.revistazetta.com\/wp-content\/uploads\/2019\/10\/72359554_2461724850590312_1728967182680850432_o-300x188.jpg\" alt=\"\" width=\"300\" height=\"188\" \/><\/p>\n<p><img loading=\"lazy\" decoding=\"async\" class=\"alignnone size-medium wp-image-32822\" src=\"https:\/\/www.revistazetta.com\/wp-content\/uploads\/2019\/10\/72286254_2461724737256990_3611214081639317504_o-300x188.jpg\" alt=\"\" width=\"300\" height=\"188\" \/><\/p>\n","protected":false},"excerpt":{"rendered":"<p>Champeta, vallenato y folcl\u00f3rico fueron los principales aires que se escucharon en el Gran Encuentro Cultural de Magangu\u00e9, que encabez\u00f3 el candidato a la Gobernaci\u00f3n Vicente Blel Scaff con el candidato a la Alcald\u00eda de ese municipio, Yalo Arana, y al que asistieron m\u00e1s de 12 mil j\u00f3venes. Mototaxistas, fabricantes de agua, vendedores de cerveza, agua, gaseosas, comidas, artistas, auxiliares de log\u00edstica, publicistas, periodistas, y otros sectores de la econom\u00eda se beneficiaron de este evento, donde se dinamiz\u00f3 la econom\u00eda naranja. \u00abAqu\u00ed estamos para comprometernos con Magangu\u00e9 y la regi\u00f3n,&#8230; <\/p>\n","protected":false},"author":3,"featured_media":32820,"comment_status":"open","ping_status":"closed","sticky":false,"template":"","format":"standard","meta":{"footnotes":"","_links_to":"","_links_to_target":""},"categories":[75,4],"tags":[],"class_list":["post-32819","post","type-post","status-publish","format-standard","has-post-thumbnail","hentry","category-destacada","category-politica"],"_links":{"self":[{"href":"https:\/\/revistazetta.com\/index.php?rest_route=\/wp\/v2\/posts\/32819","targetHints":{"allow":["GET"]}}],"collection":[{"href":"https:\/\/revistazetta.com\/index.php?rest_route=\/wp\/v2\/posts"}],"about":[{"href":"https:\/\/revistazetta.com\/index.php?rest_route=\/wp\/v2\/types\/post"}],"author":[{"embeddable":true,"href":"https:\/\/revistazetta.com\/index.php?rest_route=\/wp\/v2\/users\/3"}],"replies":[{"embeddable":true,"href":"https:\/\/revistazetta.com\/index.php?rest_route=%2Fwp%2Fv2%2Fcomments&post=32819"}],"version-history":[{"count":0,"href":"https:\/\/revistazetta.com\/index.php?rest_route=\/wp\/v2\/posts\/32819\/revisions"}],"wp:featuredmedia":[{"embeddable":true,"href":"https:\/\/revistazetta.com\/index.php?rest_route=\/wp\/v2\/media\/32820"}],"wp:attachment":[{"href":"https:\/\/revistazetta.com\/index.php?rest_route=%2Fwp%2Fv2%2Fmedia&parent=32819"}],"wp:term":[{"taxonomy":"category","embeddable":true,"href":"https:\/\/revistazetta.com\/index.php?rest_route=%2Fwp%2Fv2%2Fcategories&post=32819"},{"taxonomy":"post_tag","embeddable":true,"href":"https:\/\/revistazetta.com\/index.php?rest_route=%2Fwp%2Fv2%2Ftags&post=32819"}],"curies":[{"name":"wp","href":"https:\/\/api.w.org\/{rel}","templated":true}]}}