{"id":32828,"date":"2019-10-15T05:14:17","date_gmt":"2019-10-15T10:14:17","guid":{"rendered":"http:\/\/www.revistazetta.com\/?p=32828"},"modified":"2019-10-15T05:14:17","modified_gmt":"2019-10-15T10:14:17","slug":"ultimatum-alternativo-hernandez-emplaza-fadul-baladi-londono","status":"publish","type":"post","link":"https:\/\/revistazetta.com\/?p=32828","title":{"rendered":"Ultim\u00e1tum \u00abalternativo\u00bb: Hern\u00e1ndez emplaza a Fadul, B\u00e1ladi y Londo\u00f1o"},"content":{"rendered":"<p>Un desesperado \u00faltimo intento por lograr una unidad de los autoproclamados candidatos \u00abalternativos\u00bb a la Alcald\u00eda lanz\u00f3 Jaime Hern\u00e1ndez Am\u00edn, quien ha avanzado en un proceso unficatorio con Armando C\u00f3rdoba y William Dau.<\/p>\n<p>El ultim\u00e1tum tiene una condici\u00f3n espec\u00edfica: que lo digan por escrito.<\/p>\n<p>Hern\u00e1ndez dice que no tiene ning\u00fan problema en ceder, y tal parece que lo har\u00e1 en favor de Dau.<\/p>\n<p>Este es el comunicado expedido por su campa\u00f1a:<\/p>\n<p>COMUNICADO OFICIAL<\/p>\n<p>Desde hace 5 meses he venido buscando una alianza con Nabil, Sergio y Claudia, en donde siempre dije que no pod\u00edamos llegar a un acuerdo, sino (sic) cont\u00e1bamos con William Dau, Armando C\u00f3rdoba y dem\u00e1s alternativos.<\/p>\n<p>Siempre defend\u00ed esta posici\u00f3n, procurando que se lograra una alianza amplia e \u00edntegra.<\/p>\n<p>Ahora que estoy sentado con William Dau y Armando C\u00f3rdoba, contin\u00fao diciendo que no podemos llegar a una unidad sino (sic) contamos con la participaci\u00f3n de Nabil, Sergio y Claudia.<\/p>\n<p>Si yo llego a un acuerdo, sin respetar estos principios, la gente dejar\u00eda de creer en Jaime Hern\u00e1ndez. Por encima de todo, deben primar los valores democr\u00e1ticos y la coherencia.<\/p>\n<p>No tengo ning\u00fan problema en ceder, siempre y cuando se cumplan estos principios que vengo defendiendo hace 5 meses.<\/p>\n<p>Tengo fe que podemos hacerlo. Por eso, hacemos un \u00daLTIMO llamado a los dem\u00e1s candidatos alternativos, a que manifiesten hoy por escrito si tienen voluntad de uni\u00f3n o no.<\/p>\n","protected":false},"excerpt":{"rendered":"<p>Un desesperado \u00faltimo intento por lograr una unidad de los autoproclamados candidatos \u00abalternativos\u00bb a la Alcald\u00eda lanz\u00f3 Jaime Hern\u00e1ndez Am\u00edn, quien ha avanzado en un proceso unficatorio con Armando C\u00f3rdoba y William Dau. El ultim\u00e1tum tiene una condici\u00f3n espec\u00edfica: que lo digan por escrito. Hern\u00e1ndez dice que no tiene ning\u00fan problema en ceder, y tal parece que lo har\u00e1 en favor de Dau. Este es el comunicado expedido por su campa\u00f1a: COMUNICADO OFICIAL Desde hace 5 meses he venido buscando una alianza con Nabil, Sergio y Claudia, en donde siempre&#8230; <\/p>\n","protected":false},"author":3,"featured_media":32829,"comment_status":"open","ping_status":"closed","sticky":false,"template":"","format":"standard","meta":{"footnotes":"","_links_to":"","_links_to_target":""},"categories":[75,4],"tags":[],"class_list":["post-32828","post","type-post","status-publish","format-standard","has-post-thumbnail","hentry","category-destacada","category-politica"],"_links":{"self":[{"href":"https:\/\/revistazetta.com\/index.php?rest_route=\/wp\/v2\/posts\/32828","targetHints":{"allow":["GET"]}}],"collection":[{"href":"https:\/\/revistazetta.com\/index.php?rest_route=\/wp\/v2\/posts"}],"about":[{"href":"https:\/\/revistazetta.com\/index.php?rest_route=\/wp\/v2\/types\/post"}],"author":[{"embeddable":true,"href":"https:\/\/revistazetta.com\/index.php?rest_route=\/wp\/v2\/users\/3"}],"replies":[{"embeddable":true,"href":"https:\/\/revistazetta.com\/index.php?rest_route=%2Fwp%2Fv2%2Fcomments&post=32828"}],"version-history":[{"count":0,"href":"https:\/\/revistazetta.com\/index.php?rest_route=\/wp\/v2\/posts\/32828\/revisions"}],"wp:featuredmedia":[{"embeddable":true,"href":"https:\/\/revistazetta.com\/index.php?rest_route=\/wp\/v2\/media\/32829"}],"wp:attachment":[{"href":"https:\/\/revistazetta.com\/index.php?rest_route=%2Fwp%2Fv2%2Fmedia&parent=32828"}],"wp:term":[{"taxonomy":"category","embeddable":true,"href":"https:\/\/revistazetta.com\/index.php?rest_route=%2Fwp%2Fv2%2Fcategories&post=32828"},{"taxonomy":"post_tag","embeddable":true,"href":"https:\/\/revistazetta.com\/index.php?rest_route=%2Fwp%2Fv2%2Ftags&post=32828"}],"curies":[{"name":"wp","href":"https:\/\/api.w.org\/{rel}","templated":true}]}}