{"id":33035,"date":"2019-10-22T10:10:08","date_gmt":"2019-10-22T15:10:08","guid":{"rendered":"http:\/\/www.revistazetta.com\/?p=33035"},"modified":"2019-10-22T10:10:08","modified_gmt":"2019-10-22T15:10:08","slug":"lanzan-tercera-version-la-feria-internacional-colombia-nautica-2020","status":"publish","type":"post","link":"https:\/\/revistazetta.com\/?p=33035","title":{"rendered":"Lanzan tercera versi\u00f3n de la Feria Internacional Colombia N\u00e1utica 2020"},"content":{"rendered":"<p>Este\u00a0jueves 25 de octubre a las 6 de la tarde en el Centro de Convenciones Cartagena de Indias se llevar\u00e1 a cabo el lanzamiento oficial de la tercera versi\u00f3n de la Feria Internacional Colombia N\u00e1utica 2020, un evento de ciudad que busca consolidar esta industria en el pa\u00eds y en la regi\u00f3n caribe, adem\u00e1s de potenciar y dinamizar el turismo que se desarrolla alrededor de esta actividad.<\/p>\n<p>La Feria Internacional Colombia N\u00e1utica 2020 se realizar\u00e1 en el pr\u00f3ximo mes de abril, y es organizada por el Centro de Convenciones Cartagena de Indias junto con la Asociaci\u00f3n N\u00e1utica de Colombia con el apoyo de Distrito Cartagena, Corporaci\u00f3n de Turismo, Corpoturismo y la C\u00e1mara de Comercio.<\/p>\n<p>Este evento se convierte en una oportunidad \u00fanica para que Colombia y la ciudad de Cartagena consoliden su liderazgo en el mercado n\u00e1utico internacional. El Caribe colombiano resulta ser un destino muy apetecido por los amantes de las actividades y deportes n\u00e1uticos gracias a su posici\u00f3n estrat\u00e9gica, a m\u00e1s de 3.880 kil\u00f3metros de costa disponible, una zona exenta de huracanes durante todo el a\u00f1o, adem\u00e1s de su diversidad de ecosistemas, paisajes y recursos tur\u00edsticos y culturales.<\/p>\n<p>La industria n\u00e1utica tiene un importante efecto sobre el turismo de la ciudad, adem\u00e1s de generar empleos directos e indirectos, el sector n\u00e1utico tiene un efecto multiplicador que llega hasta 3,61 sobre la producci\u00f3n efectiva. Asimismo, este segmento impacta en otros sectores como alimentos y bebidas, salud, tecnolog\u00eda, mantenimiento, comunicaciones, combustibles, entre otros.<\/p>\n<p>De otra parte, la Feria abre un espacio de integraci\u00f3n para que las familias y personas entusiastas del estilo de vida n\u00e1utico visiten la ciudad y compartan experiencias, conozcan las novedades del sector, las nuevas marcas, industrias afines y, adem\u00e1s, vivan experiencias \u00fanicas alrededor de las actividades n\u00e1uticas.<\/p>\n<p>La Feria inici\u00f3 en 2016 como un congreso acad\u00e9mico dedicado a actualizar y entregar herramientas a las personas involucradas en el sector. Sin embargo, el evento fue gracias al \u00e9xito obtenido se consolid\u00f3 en 2017 y 2018 como una Feria Internacional. De acuerdo a cifras suministradas por los organizadores, los dos \u00faltimos eventos feriales han reunido a m\u00e1s de 4 mil asistentes de 13 pa\u00edses que visitaron m\u00e1s de 6\u00ba stands con 50 expositores. Se generaron 1.700 millones en ventas y 10 mil millones de posibles negocios.<\/p>\n<p>As\u00ed, esta nueva versi\u00f3n de la Feria Internacional Colombia N\u00e1utica 2020 se convierte en un espacio de actualizaci\u00f3n y generaci\u00f3n de negocios para una industria que est\u00e1 fortaleci\u00e9ndose d\u00eda a d\u00eda.<\/p>\n","protected":false},"excerpt":{"rendered":"<p>Este\u00a0jueves 25 de octubre a las 6 de la tarde en el Centro de Convenciones Cartagena de Indias se llevar\u00e1 a cabo el lanzamiento oficial de la tercera versi\u00f3n de la Feria Internacional Colombia N\u00e1utica 2020, un evento de ciudad que busca consolidar esta industria en el pa\u00eds y en la regi\u00f3n caribe, adem\u00e1s de potenciar y dinamizar el turismo que se desarrolla alrededor de esta actividad. La Feria Internacional Colombia N\u00e1utica 2020 se realizar\u00e1 en el pr\u00f3ximo mes de abril, y es organizada por el Centro de Convenciones Cartagena&#8230; <\/p>\n","protected":false},"author":3,"featured_media":33036,"comment_status":"open","ping_status":"closed","sticky":false,"template":"","format":"standard","meta":{"footnotes":"","_links_to":"","_links_to_target":""},"categories":[3,52],"tags":[],"class_list":["post-33035","post","type-post","status-publish","format-standard","has-post-thumbnail","hentry","category-ciudad","category-puerto"],"_links":{"self":[{"href":"https:\/\/revistazetta.com\/index.php?rest_route=\/wp\/v2\/posts\/33035","targetHints":{"allow":["GET"]}}],"collection":[{"href":"https:\/\/revistazetta.com\/index.php?rest_route=\/wp\/v2\/posts"}],"about":[{"href":"https:\/\/revistazetta.com\/index.php?rest_route=\/wp\/v2\/types\/post"}],"author":[{"embeddable":true,"href":"https:\/\/revistazetta.com\/index.php?rest_route=\/wp\/v2\/users\/3"}],"replies":[{"embeddable":true,"href":"https:\/\/revistazetta.com\/index.php?rest_route=%2Fwp%2Fv2%2Fcomments&post=33035"}],"version-history":[{"count":0,"href":"https:\/\/revistazetta.com\/index.php?rest_route=\/wp\/v2\/posts\/33035\/revisions"}],"wp:featuredmedia":[{"embeddable":true,"href":"https:\/\/revistazetta.com\/index.php?rest_route=\/wp\/v2\/media\/33036"}],"wp:attachment":[{"href":"https:\/\/revistazetta.com\/index.php?rest_route=%2Fwp%2Fv2%2Fmedia&parent=33035"}],"wp:term":[{"taxonomy":"category","embeddable":true,"href":"https:\/\/revistazetta.com\/index.php?rest_route=%2Fwp%2Fv2%2Fcategories&post=33035"},{"taxonomy":"post_tag","embeddable":true,"href":"https:\/\/revistazetta.com\/index.php?rest_route=%2Fwp%2Fv2%2Ftags&post=33035"}],"curies":[{"name":"wp","href":"https:\/\/api.w.org\/{rel}","templated":true}]}}