{"id":33038,"date":"2019-10-23T14:15:55","date_gmt":"2019-10-23T19:15:55","guid":{"rendered":"http:\/\/www.revistazetta.com\/?p=33038"},"modified":"2019-10-23T14:16:31","modified_gmt":"2019-10-23T19:16:31","slug":"sergio-mendoza-responde-fabio-castellanos-denuncia-penal-tutela","status":"publish","type":"post","link":"https:\/\/revistazetta.com\/?p=33038","title":{"rendered":"Sergio Mendoza responde a Fabio Castellanos con denuncia penal y tutela"},"content":{"rendered":"<p>Se acentu\u00f3 la crisis en el partido Alianza Verde en Cartagena, pues el candidato al Concejo Sergio Mendoza respondi\u00f3 a la acusaci\u00f3n de corrupci\u00f3n electoral hecha por el tambi\u00e9n candidato Fabio Castellanos, y tambi\u00e9n lo denunci\u00f3 en la Fiscal\u00eda y lo entutel\u00f3.<\/p>\n<p>Seg\u00fan la denuncia de Castellanos, en el colegio Almirante Col\u00f3n se aleccion\u00f3 a un grupo de profesores para que en su labor de jurados de votaci\u00f3n acomodaran los registros en favor de Mendoza. Tal denuncia la divulg\u00f3 a trav\u00e9s de medios de comunicaci\u00f3n y en sus cuentas personales de redes sociales.<\/p>\n<p>Mendoza ha respondido este mi\u00e9rcoles con una denuncia penal contra Castellanos por los presuntos delitos de injuria, calumnia y fraude electoral. Tambi\u00e9n con una tutela para proteger su buen nombre.<\/p>\n<p>Por solicitud de Castellanos, el comit\u00e9 de \u00c9tica del Partido Alianza Verde abri\u00f3 averiguaci\u00f3n contra Mendoza, quien pedir\u00e1 que su contraparte tambi\u00e9n sea investigado y le reabran averiguaciones de hace cuatro a\u00f1os.<\/p>\n<p><iframe loading=\"lazy\" src=\"https:\/\/www.youtube.com\/embed\/ASNOvOPI1w8\" width=\"560\" height=\"315\" frameborder=\"0\" allowfullscreen=\"allowfullscreen\"><\/iframe><\/p>\n","protected":false},"excerpt":{"rendered":"<p>Se acentu\u00f3 la crisis en el partido Alianza Verde en Cartagena, pues el candidato al Concejo Sergio Mendoza respondi\u00f3 a la acusaci\u00f3n de corrupci\u00f3n electoral hecha por el tambi\u00e9n candidato Fabio Castellanos, y tambi\u00e9n lo denunci\u00f3 en la Fiscal\u00eda y lo entutel\u00f3. Seg\u00fan la denuncia de Castellanos, en el colegio Almirante Col\u00f3n se aleccion\u00f3 a un grupo de profesores para que en su labor de jurados de votaci\u00f3n acomodaran los registros en favor de Mendoza. Tal denuncia la divulg\u00f3 a trav\u00e9s de medios de comunicaci\u00f3n y en sus cuentas personales&#8230; <\/p>\n","protected":false},"author":3,"featured_media":33039,"comment_status":"open","ping_status":"closed","sticky":false,"template":"","format":"standard","meta":{"footnotes":"","_links_to":"","_links_to_target":""},"categories":[75,4],"tags":[],"class_list":["post-33038","post","type-post","status-publish","format-standard","has-post-thumbnail","hentry","category-destacada","category-politica"],"_links":{"self":[{"href":"https:\/\/revistazetta.com\/index.php?rest_route=\/wp\/v2\/posts\/33038","targetHints":{"allow":["GET"]}}],"collection":[{"href":"https:\/\/revistazetta.com\/index.php?rest_route=\/wp\/v2\/posts"}],"about":[{"href":"https:\/\/revistazetta.com\/index.php?rest_route=\/wp\/v2\/types\/post"}],"author":[{"embeddable":true,"href":"https:\/\/revistazetta.com\/index.php?rest_route=\/wp\/v2\/users\/3"}],"replies":[{"embeddable":true,"href":"https:\/\/revistazetta.com\/index.php?rest_route=%2Fwp%2Fv2%2Fcomments&post=33038"}],"version-history":[{"count":0,"href":"https:\/\/revistazetta.com\/index.php?rest_route=\/wp\/v2\/posts\/33038\/revisions"}],"wp:featuredmedia":[{"embeddable":true,"href":"https:\/\/revistazetta.com\/index.php?rest_route=\/wp\/v2\/media\/33039"}],"wp:attachment":[{"href":"https:\/\/revistazetta.com\/index.php?rest_route=%2Fwp%2Fv2%2Fmedia&parent=33038"}],"wp:term":[{"taxonomy":"category","embeddable":true,"href":"https:\/\/revistazetta.com\/index.php?rest_route=%2Fwp%2Fv2%2Fcategories&post=33038"},{"taxonomy":"post_tag","embeddable":true,"href":"https:\/\/revistazetta.com\/index.php?rest_route=%2Fwp%2Fv2%2Ftags&post=33038"}],"curies":[{"name":"wp","href":"https:\/\/api.w.org\/{rel}","templated":true}]}}