{"id":33040,"date":"2019-10-24T06:27:53","date_gmt":"2019-10-24T11:27:53","guid":{"rendered":"http:\/\/www.revistazetta.com\/?p=33040"},"modified":"2019-10-24T06:27:53","modified_gmt":"2019-10-24T11:27:53","slug":"pedrito-le-cumplio-al-pie-la-popa-entrego-cai","status":"publish","type":"post","link":"https:\/\/revistazetta.com\/?p=33040","title":{"rendered":"Pedrito le cumpli\u00f3 al Pie de la Popa: entreg\u00f3 CAI"},"content":{"rendered":"<blockquote><p><strong>Alcalde entreg\u00f3 CAI San L\u00e1zaro a la comunidad del\u00a0 Pie de La Popa . E<\/strong><strong>l Alcalde Pedrito Pereira\u00a0 anunci\u00f3 un nuevo CAI para Bocagrande. Los trabajos inician el 01 de noviembre. \u00a0<\/strong><\/p><\/blockquote>\n<p>Esta obra, que fue esperada por la comunidad del Pie de La Popa\u00a0 por m\u00e1s de 12 a\u00f1os es finalmente una realidad, gracias a la voluntad administrativa y gesti\u00f3n del alcalde Pedrito Pereira Caballero\u00a0 y la coordinaci\u00f3n de Distriseguridad, que acogi\u00f3 las inquietudes de los habitantes, transe\u00fantes y deportistas frente a la inseguridad de la zona.<\/p>\n<p>\u00abLe cumplimos a la comunidad del Pie de La Popa que llevaba muchos a\u00f1os esperando tener un CAI dotado de herramientas tecnol\u00f3gicas y agentes del orden. Hoy se lo entregamos a la Polic\u00eda Nacional con las condiciones t\u00e9cnicas requeridas para su funcionamiento\u00bb, se\u00f1al\u00f3 Pedrito Pereira Caballero.<\/p>\n<p>De igual forma, durante su intervenci\u00f3n el Alcalde precis\u00f3 que la Avenida del Lago es una zona estrat\u00e9gica de la ciudad y se est\u00e1 recuperando. \u00bb Esta zona es la otra joya de la corona y la estamos recuperando. Contamos tambi\u00e9n con un Complejo de Raquetas remodelado y el funcionamiento de\u00a0 la mega biblioteca del Pie de La Popa. Todo esto en pro del desarrollo de la zona\u00bb, indic\u00f3.<\/p>\n<p>Este nuevo Centro de Atenci\u00f3n Inmediata (CAI) cubrir\u00e1 3 cuadrantes,\u00a0 tendr\u00e1 28 agentes, 6 motos, 4 bicicletas y equipos de comunicaci\u00f3n. \u00abSe prestar\u00e1 atenci\u00f3n en el Pie del Cerro, Pie de La Popa y zona del puente Jim\u00e9nez, mejorando as\u00ed la percepci\u00f3n de seguridad de los habitantes que utilizan a diario el paseo peatonal\u00bb, se\u00f1al\u00f3.<\/p>\n<p>Por su parte, la comunidad manifest\u00f3 su agradecimiento y resalt\u00f3 la gesti\u00f3n\u00a0 del Alcalde en tan poco tiempo. \u00abGracias a la administraci\u00f3n y al alcalde Pedrito Pereira que escucharon el clamor. Es claro que hubo voluntad y gesti\u00f3n\u00bb,\u00a0 indic\u00f3 Cecil Montero, miembro de la Junta de Asopopa.<\/p>\n<p>\u00abEn solo estos meses que asumi\u00f3 el cargo, se avanz\u00f3 m\u00e1s que en todos esos a\u00f1os. Este hecho representa para nosotros seguridad y tranquilidad\u201d, concluyeron representantes de las comunidades beneficiadas.<\/p>\n<p>El comandante de la Polic\u00eda Metropolitana, general Henry Sanabria, destac\u00f3 este nuevo CAI y el trabajo que realizar\u00e1n de manera articulada con el gobierno Distrital para recuperar la zona del manglar que es usado por habitantes de calle para vivir o esconderse.<\/p>\n<p>Especificaciones de la Obra<\/p>\n<p>El CAI Sal L\u00e1zaro, en el Pie de La Popa tiene una inversi\u00f3n de 801.180.520, de los cuales 379.826.842 cost\u00f3 la infraestructura y 421.353.678 es el valor del lote que fue aportado por la Empresa de Desarrollo Urbano (Edurbe). Este cuenta con un \u00e1rea, aproximada, de 250 metros con un \u00e1rea cubierta construida de 50 metros cuadrados.<\/p>\n<p>El director de distriseguridad, Gabriel Vergara Lagos,\u00a0recalc\u00f3 que con un ritmo contundente y acelerado se logr\u00f3 la construcci\u00f3n de la obra en menos de 4 meses.<\/p>\n<p>\u00abEsta obra est\u00e1 construida en concreto reforzado, vidrios blindados, puertas de seguridad, mirillas y puerta de escape. Cuentan con ba\u00f1o, cocineta, recepci\u00f3n, zona de banderas, zonas adoquinadas, parqueaderos y zonas verdes\u00bb, especific\u00f3 el funcionario.<\/p>\n<p>Nuevo CAI<\/p>\n<p>Durante su intervenci\u00f3n el Alcalde, Pedrito Pereira dio la buena noticia de la construcci\u00f3n de un nuevo CAI para el sector de\u00a0 Bocagrande. \u00bb tenemos listo el proyecto y el presupuesto para construir un nuevo CAI en Bocagrande\u00bb, anunci\u00f3.<\/p>\n<p>Los trabajos inician el 1 de noviembre, este nuevo Centro de Acci\u00f3n Inmediata se ubicar\u00e1 en la entrada de este sector, al lado del que funciona actualmente, que ser\u00e1 usado como Centro de Atenci\u00f3n a Turistas (CAT).<\/p>\n","protected":false},"excerpt":{"rendered":"<p>Alcalde entreg\u00f3 CAI San L\u00e1zaro a la comunidad del\u00a0 Pie de La Popa . El Alcalde Pedrito Pereira\u00a0 anunci\u00f3 un nuevo CAI para Bocagrande. Los trabajos inician el 01 de noviembre. \u00a0 Esta obra, que fue esperada por la comunidad del Pie de La Popa\u00a0 por m\u00e1s de 12 a\u00f1os es finalmente una realidad, gracias a la voluntad administrativa y gesti\u00f3n del alcalde Pedrito Pereira Caballero\u00a0 y la coordinaci\u00f3n de Distriseguridad, que acogi\u00f3 las inquietudes de los habitantes, transe\u00fantes y deportistas frente a la inseguridad de la zona. \u00abLe cumplimos&#8230; <\/p>\n","protected":false},"author":3,"featured_media":33041,"comment_status":"open","ping_status":"closed","sticky":false,"template":"","format":"standard","meta":{"footnotes":"","_links_to":"","_links_to_target":""},"categories":[75,32,88],"tags":[],"class_list":["post-33040","post","type-post","status-publish","format-standard","has-post-thumbnail","hentry","category-destacada","category-actualidad-distrito","category-seguridad"],"_links":{"self":[{"href":"https:\/\/revistazetta.com\/index.php?rest_route=\/wp\/v2\/posts\/33040","targetHints":{"allow":["GET"]}}],"collection":[{"href":"https:\/\/revistazetta.com\/index.php?rest_route=\/wp\/v2\/posts"}],"about":[{"href":"https:\/\/revistazetta.com\/index.php?rest_route=\/wp\/v2\/types\/post"}],"author":[{"embeddable":true,"href":"https:\/\/revistazetta.com\/index.php?rest_route=\/wp\/v2\/users\/3"}],"replies":[{"embeddable":true,"href":"https:\/\/revistazetta.com\/index.php?rest_route=%2Fwp%2Fv2%2Fcomments&post=33040"}],"version-history":[{"count":0,"href":"https:\/\/revistazetta.com\/index.php?rest_route=\/wp\/v2\/posts\/33040\/revisions"}],"wp:featuredmedia":[{"embeddable":true,"href":"https:\/\/revistazetta.com\/index.php?rest_route=\/wp\/v2\/media\/33041"}],"wp:attachment":[{"href":"https:\/\/revistazetta.com\/index.php?rest_route=%2Fwp%2Fv2%2Fmedia&parent=33040"}],"wp:term":[{"taxonomy":"category","embeddable":true,"href":"https:\/\/revistazetta.com\/index.php?rest_route=%2Fwp%2Fv2%2Fcategories&post=33040"},{"taxonomy":"post_tag","embeddable":true,"href":"https:\/\/revistazetta.com\/index.php?rest_route=%2Fwp%2Fv2%2Ftags&post=33040"}],"curies":[{"name":"wp","href":"https:\/\/api.w.org\/{rel}","templated":true}]}}