{"id":33047,"date":"2019-10-24T17:29:57","date_gmt":"2019-10-24T22:29:57","guid":{"rendered":"http:\/\/www.revistazetta.com\/?p=33047"},"modified":"2019-10-24T17:29:57","modified_gmt":"2019-10-24T22:29:57","slug":"malestar-recorre-mundo-opinion-danilo-contreras","status":"publish","type":"post","link":"https:\/\/revistazetta.com\/?p=33047","title":{"rendered":"Un malestar recorre el mundo &#8211; Opini\u00f3n de Danilo Contreras"},"content":{"rendered":"<p><span style=\"color: #000080;\"><strong>Por Danilo Contreras (Especial para Revista Zetta).-<\/strong><\/span> \u00a0Toda profec\u00eda suele ser una superstici\u00f3n, o tal vez una mera vanidad de aquel que la anuncia. Prefiero, modestamente, considerar que eso que denominamos azar, es una multitud de causas entreveradas, como m\u00e1s o menos lo expres\u00f3 un viejo e inefable argentino que sol\u00eda escribir sentencias como esta.<\/p>\n<p>Los sucesos turbulentos que se repiten en las grandes capitales del mundo, me han recordado las alarmantes \u201cpredicciones\u201d que ha consignado Thomas Piketty en su magn\u00edfico compendio econ\u00f3mico y estad\u00edstico titulado \u201c El capital en el siglo XXI\u201d.<\/p>\n<p>Quienes han tenido noticia del libro y aquellos que, con mayor enjundia, lo han recorrido todo, sabr\u00e1n que Piketty, fundamentado en un minucioso examen estad\u00edstico de las cifras de naciones poderosas del mundo, que se extiende por m\u00e1s de 200 a\u00f1os hacia el pret\u00e9rito, sostiene como teor\u00eda central que el capital privado crece a una tasa superior que la del crecimiento del producto interno bruto de un pa\u00eds. Esto significa que las fortunas particulares crecen por encima de la fortuna colectiva de una naci\u00f3n.<\/p>\n<p>Su pron\u00f3stico es m\u00e1s inquietante cuando argumenta que el capital se reproduce fundamentalmente, a trav\u00e9s del trabajo y de las herencias, para deducir que en Francia por ejemplo, \u201cla herencia ocup\u00f3 un lugar estructuralmente central en la sociedad, tanto en el flujo econ\u00f3mico como en la fuerza social del siglo XIX\u201d, y agrega que la importancia de la herencia como formula de acumulaci\u00f3n del capital no disminuy\u00f3 con el tiempo, pues por el contrario, entre 1.900 y 1.910, el flujo de crecimiento de las herencias fue mayor en un 25 por ciento que el crecimiento del ingreso nacional en la d\u00e9cada de 1.820.<\/p>\n<p>Piketty describe que esta situaci\u00f3n de acent\u00faa en la d\u00e9cada de 1.980 y ya para 2010 las herencias representan dos terceras parte de la riqueza nacional de Francia. Su lapidario diagn\u00f3stico prev\u00e9 que la riqueza heredada seguir\u00e1 creciendo, advirtiendo que se espera que esta supere el 70 por ciento de la riqueza total del pa\u00eds. El autor no duda en se\u00f1alar que esta din\u00e1mica que reproduce las desigualdades pronto traer\u00e1 malestares sociales que socavan el sistema democr\u00e1tico y cuyas consecuencias se abstiene de predecir en cuanto a su gravedad.<\/p>\n<p>Esta hip\u00f3tesis podr\u00eda ser una causa genuina de la agitaci\u00f3n que se vive de manera similar en Barcelona o en Santiago, en Paris o en Quito o nuestra santafere\u00f1a capital. La desigualdad se expresa a todas horas y por doquier de diversas y pat\u00e9ticas formas. A veces con pobreza extrema que contrasta con la opulencia de una ciudad \u201cchic\u201d para turistas, como ocurre en Cartagena de Indias, y en todo caso en un sistema social de privilegios que permite a muchos conciudadanos ponerse por encima de la ley.<\/p>\n<p>El pron\u00f3stico no se aten\u00faa en un contexto de cambio clim\u00e1tico que sectores privilegiados del capitalismo mundial se niegan a reconocer con tal de mantener inc\u00f3lume la epic\u00farea burbuja en la que habitan.<\/p>\n<p>Esta no es una cuesti\u00f3n ideol\u00f3gica, como podr\u00e1n entender algunos, sino de pat\u00e9ticos datos estad\u00edsticos.<\/p>\n","protected":false},"excerpt":{"rendered":"<p>Por Danilo Contreras (Especial para Revista Zetta).- \u00a0Toda profec\u00eda suele ser una superstici\u00f3n, o tal vez una mera vanidad de aquel que la anuncia. Prefiero, modestamente, considerar que eso que denominamos azar, es una multitud de causas entreveradas, como m\u00e1s o menos lo expres\u00f3 un viejo e inefable argentino que sol\u00eda escribir sentencias como esta. Los sucesos turbulentos que se repiten en las grandes capitales del mundo, me han recordado las alarmantes \u201cpredicciones\u201d que ha consignado Thomas Piketty en su magn\u00edfico compendio econ\u00f3mico y estad\u00edstico titulado \u201c El capital en&#8230; <\/p>\n","protected":false},"author":3,"featured_media":33048,"comment_status":"open","ping_status":"closed","sticky":false,"template":"","format":"standard","meta":{"footnotes":"","_links_to":"","_links_to_target":""},"categories":[75,44,65],"tags":[],"class_list":["post-33047","post","type-post","status-publish","format-standard","has-post-thumbnail","hentry","category-destacada","category-materiagris","category-opinion"],"_links":{"self":[{"href":"https:\/\/revistazetta.com\/index.php?rest_route=\/wp\/v2\/posts\/33047","targetHints":{"allow":["GET"]}}],"collection":[{"href":"https:\/\/revistazetta.com\/index.php?rest_route=\/wp\/v2\/posts"}],"about":[{"href":"https:\/\/revistazetta.com\/index.php?rest_route=\/wp\/v2\/types\/post"}],"author":[{"embeddable":true,"href":"https:\/\/revistazetta.com\/index.php?rest_route=\/wp\/v2\/users\/3"}],"replies":[{"embeddable":true,"href":"https:\/\/revistazetta.com\/index.php?rest_route=%2Fwp%2Fv2%2Fcomments&post=33047"}],"version-history":[{"count":0,"href":"https:\/\/revistazetta.com\/index.php?rest_route=\/wp\/v2\/posts\/33047\/revisions"}],"wp:featuredmedia":[{"embeddable":true,"href":"https:\/\/revistazetta.com\/index.php?rest_route=\/wp\/v2\/media\/33048"}],"wp:attachment":[{"href":"https:\/\/revistazetta.com\/index.php?rest_route=%2Fwp%2Fv2%2Fmedia&parent=33047"}],"wp:term":[{"taxonomy":"category","embeddable":true,"href":"https:\/\/revistazetta.com\/index.php?rest_route=%2Fwp%2Fv2%2Fcategories&post=33047"},{"taxonomy":"post_tag","embeddable":true,"href":"https:\/\/revistazetta.com\/index.php?rest_route=%2Fwp%2Fv2%2Ftags&post=33047"}],"curies":[{"name":"wp","href":"https:\/\/api.w.org\/{rel}","templated":true}]}}