{"id":33116,"date":"2019-10-28T09:10:24","date_gmt":"2019-10-28T14:10:24","guid":{"rendered":"http:\/\/www.revistazetta.com\/?p=33116"},"modified":"2019-10-28T09:14:34","modified_gmt":"2019-10-28T14:14:34","slug":"padaui-aposto-perdio","status":"publish","type":"post","link":"https:\/\/revistazetta.com\/?p=33116","title":{"rendered":"8 &#8211; Padau\u00ed apost\u00f3 todo y perdi\u00f3 todo"},"content":{"rendered":"<p><strong>Conclusiones 8<\/strong><\/p>\n<p><strong>Padau\u00ed apost\u00f3 todo y perdi\u00f3 todo<\/strong><\/p>\n<p>No le sali\u00f3 la tacada a tres bandas a Nando Padau\u00ed. Hace dos a\u00f1os hizo campa\u00f1a de reelecci\u00f3n a C\u00e1mara de Representantes, con todos los compromisos que ello supone, y dej\u00f3 la curul \u2013y a sus lectores botados- a los tres meses para lanzarse a la aventura de ser candidato a la Gobernaci\u00f3n. Busc\u00f3 aglutinar a los jefes pol\u00edticos pero no pudo, y quien si convenci\u00f3 fue Vicentico Blel. Busc\u00f3 lo mismo y perdi\u00f3. Al salir, tir\u00f3 la puerta diciendo que ser\u00eda \u201clibre para gobernar\u201d y advertir que a Bol\u00edvar lo iban a \u201csecuestrar\u201d. Y qui\u00e9n les saca de la cabeza a los jefes la idea que tuvo algo que ver con los audios de la W que estremecieron la pol\u00edtica dom\u00e9stica hace un mes\u2026 Despu\u00e9s de ser uno de los congresistas m\u00e1s influyentes en Bogot\u00e1 por tres periodos, de ser considerado jefe pol\u00edtico\u2026qued\u00f3 muy reducido.<\/p>\n","protected":false},"excerpt":{"rendered":"<p>Conclusiones 8 Padau\u00ed apost\u00f3 todo y perdi\u00f3 todo No le sali\u00f3 la tacada a tres bandas a Nando Padau\u00ed. Hace dos a\u00f1os hizo campa\u00f1a de reelecci\u00f3n a C\u00e1mara de Representantes, con todos los compromisos que ello supone, y dej\u00f3 la curul \u2013y a sus lectores botados- a los tres meses para lanzarse a la aventura de ser candidato a la Gobernaci\u00f3n. Busc\u00f3 aglutinar a los jefes pol\u00edticos pero no pudo, y quien si convenci\u00f3 fue Vicentico Blel. Busc\u00f3 lo mismo y perdi\u00f3. Al salir, tir\u00f3 la puerta diciendo que ser\u00eda&#8230; <\/p>\n","protected":false},"author":3,"featured_media":33097,"comment_status":"open","ping_status":"closed","sticky":false,"template":"","format":"standard","meta":{"footnotes":"","_links_to":"","_links_to_target":""},"categories":[44,66],"tags":[],"class_list":["post-33116","post","type-post","status-publish","format-standard","has-post-thumbnail","hentry","category-materiagris","category-analisis"],"_links":{"self":[{"href":"https:\/\/revistazetta.com\/index.php?rest_route=\/wp\/v2\/posts\/33116","targetHints":{"allow":["GET"]}}],"collection":[{"href":"https:\/\/revistazetta.com\/index.php?rest_route=\/wp\/v2\/posts"}],"about":[{"href":"https:\/\/revistazetta.com\/index.php?rest_route=\/wp\/v2\/types\/post"}],"author":[{"embeddable":true,"href":"https:\/\/revistazetta.com\/index.php?rest_route=\/wp\/v2\/users\/3"}],"replies":[{"embeddable":true,"href":"https:\/\/revistazetta.com\/index.php?rest_route=%2Fwp%2Fv2%2Fcomments&post=33116"}],"version-history":[{"count":0,"href":"https:\/\/revistazetta.com\/index.php?rest_route=\/wp\/v2\/posts\/33116\/revisions"}],"wp:featuredmedia":[{"embeddable":true,"href":"https:\/\/revistazetta.com\/index.php?rest_route=\/wp\/v2\/media\/33097"}],"wp:attachment":[{"href":"https:\/\/revistazetta.com\/index.php?rest_route=%2Fwp%2Fv2%2Fmedia&parent=33116"}],"wp:term":[{"taxonomy":"category","embeddable":true,"href":"https:\/\/revistazetta.com\/index.php?rest_route=%2Fwp%2Fv2%2Fcategories&post=33116"},{"taxonomy":"post_tag","embeddable":true,"href":"https:\/\/revistazetta.com\/index.php?rest_route=%2Fwp%2Fv2%2Ftags&post=33116"}],"curies":[{"name":"wp","href":"https:\/\/api.w.org\/{rel}","templated":true}]}}