{"id":33128,"date":"2019-10-29T15:54:12","date_gmt":"2019-10-29T20:54:12","guid":{"rendered":"http:\/\/www.revistazetta.com\/?p=33128"},"modified":"2019-10-29T15:54:12","modified_gmt":"2019-10-29T20:54:12","slug":"viernes-melomanias-pontezuela","status":"publish","type":"post","link":"https:\/\/revistazetta.com\/?p=33128","title":{"rendered":"Viernes de \u201cMeloman\u00edas\u201d en\u00a0Pontezuela"},"content":{"rendered":"<p>El programa \u201cMeloman\u00edas\u201d de la Instituci\u00f3n Universitaria Bellas Artes y Ciencias de Bol\u00edvar (Unibac) ofrecer\u00e1 un concierto este viernes 1 de noviembre, en Pontezuela.<\/p>\n<p>En la plaza principal del corregimiento estar\u00e1n a partir de las 6 de la tarde, la gaita Palengua, la orquesta Tropikal\u00edsima y el grupo vallenato Aires del Son Caribe, que integran estudiantes y docentes del programa profesional de M\u00fasica de Unibac.<\/p>\n<p>\u201cMeloman\u00edas\u201d es un programa de proyecci\u00f3n social que brinda un espacio cultural para el disfrute de los bolivarenses y promueve los talentos musicales que se forman en Conservatorio de M\u00fasica Adolfo Mej\u00eda Navarro.<\/p>\n<p>El concierto es abierto a toda comunidad zuelana y p\u00fablico en general.<\/p>\n<p>&nbsp;<\/p>\n","protected":false},"excerpt":{"rendered":"<p>El programa \u201cMeloman\u00edas\u201d de la Instituci\u00f3n Universitaria Bellas Artes y Ciencias de Bol\u00edvar (Unibac) ofrecer\u00e1 un concierto este viernes 1 de noviembre, en Pontezuela. En la plaza principal del corregimiento estar\u00e1n a partir de las 6 de la tarde, la gaita Palengua, la orquesta Tropikal\u00edsima y el grupo vallenato Aires del Son Caribe, que integran estudiantes y docentes del programa profesional de M\u00fasica de Unibac. \u201cMeloman\u00edas\u201d es un programa de proyecci\u00f3n social que brinda un espacio cultural para el disfrute de los bolivarenses y promueve los talentos musicales que se&#8230; <\/p>\n","protected":false},"author":3,"featured_media":33129,"comment_status":"open","ping_status":"closed","sticky":false,"template":"","format":"standard","meta":{"footnotes":"","_links_to":"","_links_to_target":""},"categories":[75,41,43],"tags":[],"class_list":["post-33128","post","type-post","status-publish","format-standard","has-post-thumbnail","hentry","category-destacada","category-cultura","category-cultura-musica"],"_links":{"self":[{"href":"https:\/\/revistazetta.com\/index.php?rest_route=\/wp\/v2\/posts\/33128","targetHints":{"allow":["GET"]}}],"collection":[{"href":"https:\/\/revistazetta.com\/index.php?rest_route=\/wp\/v2\/posts"}],"about":[{"href":"https:\/\/revistazetta.com\/index.php?rest_route=\/wp\/v2\/types\/post"}],"author":[{"embeddable":true,"href":"https:\/\/revistazetta.com\/index.php?rest_route=\/wp\/v2\/users\/3"}],"replies":[{"embeddable":true,"href":"https:\/\/revistazetta.com\/index.php?rest_route=%2Fwp%2Fv2%2Fcomments&post=33128"}],"version-history":[{"count":0,"href":"https:\/\/revistazetta.com\/index.php?rest_route=\/wp\/v2\/posts\/33128\/revisions"}],"wp:featuredmedia":[{"embeddable":true,"href":"https:\/\/revistazetta.com\/index.php?rest_route=\/wp\/v2\/media\/33129"}],"wp:attachment":[{"href":"https:\/\/revistazetta.com\/index.php?rest_route=%2Fwp%2Fv2%2Fmedia&parent=33128"}],"wp:term":[{"taxonomy":"category","embeddable":true,"href":"https:\/\/revistazetta.com\/index.php?rest_route=%2Fwp%2Fv2%2Fcategories&post=33128"},{"taxonomy":"post_tag","embeddable":true,"href":"https:\/\/revistazetta.com\/index.php?rest_route=%2Fwp%2Fv2%2Ftags&post=33128"}],"curies":[{"name":"wp","href":"https:\/\/api.w.org\/{rel}","templated":true}]}}