{"id":33133,"date":"2019-10-30T07:03:05","date_gmt":"2019-10-30T12:03:05","guid":{"rendered":"http:\/\/www.revistazetta.com\/?p=33133"},"modified":"2019-10-30T07:03:05","modified_gmt":"2019-10-30T12:03:05","slug":"eleccion-dau-no-causo-entusiasmo-concejo","status":"publish","type":"post","link":"https:\/\/revistazetta.com\/?p=33133","title":{"rendered":"Elecci\u00f3n de Dau no caus\u00f3 entusiasmo en el Concejo"},"content":{"rendered":"<p>La primera sesi\u00f3n del Concejo de Cartagena tras la elecci\u00f3n de William Dau como alcalde de Cartagena no suscit\u00f3 entusiasmo.<\/p>\n<p>A diferencia de otras jornadas electorales, donde afloran felicitaciones para el ganador en las urnas, en esta oportunidad solo se escuch\u00f3 la felicitaci\u00f3n del concejal Javier Curi, quien la acompa\u00f1\u00f3 de una propuesta para que el nuevo alcalde considera adoptar el Plan del BID a 2033.<\/p>\n<p>La sesi\u00f3n fue muy corta y en el orden del d\u00eda solo figuraba el punto \u201cdocumentos para dar cuenta\u201d y \u201clo que propongan los honorables concejales\u201d. Tras la lectura de don cartas alusiva al proceso de elecci\u00f3n de contralor, el primero en tomar la palabra fue Javier Curi.<\/p>\n<p>\u201cEste cuatrenio orient\u00f3 recursos para que Cartagena contara con un mapa de ruta en los pr\u00f3ximos veinte a\u00f1os, al 2033, para lograr que esta ciudad sea sostenible y competitiva. Hago un llamado a Pedrito Pereira y a Dau para que adopten este plan de acci\u00f3n como un acuerdo. Hay que adoptar este plan de acci\u00f3n, que ser\u00eda la columna vertebral del gobierno de William Dau. Este es el mapa con que debemos orientar y dirigir la ciudad. Este proceso de empalme debe tener como prioridad que se haga el acercamiento; este plan fue aprobado por el Gobierno nacional y con el respaldo de organismos internacionales; nos cost\u00f3 a los cartageneros.<\/p>\n<p>Despu\u00e9s pidi\u00f3 la palabra Carlos Barrios, quien no aludi\u00f3 a Dau sino al actual alcalde Pedrito Pereira, y reiter\u00f3 el ataque pol\u00edtico al secretario de Infraestructura, Edgar Mar\u00edn, de quien dijo se le conoce como \u201cMar\u00edn el malo\u201d.<\/p>\n<p>Tambi\u00e9n habl\u00f3 Ang\u00e9lica Hodeg, quien acentu\u00f3 las cr\u00edticas al funcionario dijo que estaban esperando que \u201cnos de cita para venir al Concejo\u201d, para ironizar con su sistem\u00e1tica renuencia a acudir a las citaciones de la corporaci\u00f3n y rendir cuentas sobre los escenarios para los Juegos Nacionales.<\/p>\n<p>Am\u00e9rico Mendoza intervino para aludir a la insuficiencia de recursos para el sector deportivo.<\/p>\n<p>Tras lo anterior, se cerr\u00f3 la sesi\u00f3n y nadie, a excepci\u00f3n de Curi, se acord\u00f3 del nuevo alcalde William Dau.<\/p>\n<p>&nbsp;<\/p>\n","protected":false},"excerpt":{"rendered":"<p>La primera sesi\u00f3n del Concejo de Cartagena tras la elecci\u00f3n de William Dau como alcalde de Cartagena no suscit\u00f3 entusiasmo. A diferencia de otras jornadas electorales, donde afloran felicitaciones para el ganador en las urnas, en esta oportunidad solo se escuch\u00f3 la felicitaci\u00f3n del concejal Javier Curi, quien la acompa\u00f1\u00f3 de una propuesta para que el nuevo alcalde considera adoptar el Plan del BID a 2033. La sesi\u00f3n fue muy corta y en el orden del d\u00eda solo figuraba el punto \u201cdocumentos para dar cuenta\u201d y \u201clo que propongan los&#8230; <\/p>\n","protected":false},"author":3,"featured_media":33134,"comment_status":"open","ping_status":"closed","sticky":false,"template":"","format":"standard","meta":{"footnotes":"","_links_to":"","_links_to_target":""},"categories":[75,27,4],"tags":[],"class_list":["post-33133","post","type-post","status-publish","format-standard","has-post-thumbnail","hentry","category-destacada","category-politicaconcejo","category-politica"],"_links":{"self":[{"href":"https:\/\/revistazetta.com\/index.php?rest_route=\/wp\/v2\/posts\/33133","targetHints":{"allow":["GET"]}}],"collection":[{"href":"https:\/\/revistazetta.com\/index.php?rest_route=\/wp\/v2\/posts"}],"about":[{"href":"https:\/\/revistazetta.com\/index.php?rest_route=\/wp\/v2\/types\/post"}],"author":[{"embeddable":true,"href":"https:\/\/revistazetta.com\/index.php?rest_route=\/wp\/v2\/users\/3"}],"replies":[{"embeddable":true,"href":"https:\/\/revistazetta.com\/index.php?rest_route=%2Fwp%2Fv2%2Fcomments&post=33133"}],"version-history":[{"count":0,"href":"https:\/\/revistazetta.com\/index.php?rest_route=\/wp\/v2\/posts\/33133\/revisions"}],"wp:featuredmedia":[{"embeddable":true,"href":"https:\/\/revistazetta.com\/index.php?rest_route=\/wp\/v2\/media\/33134"}],"wp:attachment":[{"href":"https:\/\/revistazetta.com\/index.php?rest_route=%2Fwp%2Fv2%2Fmedia&parent=33133"}],"wp:term":[{"taxonomy":"category","embeddable":true,"href":"https:\/\/revistazetta.com\/index.php?rest_route=%2Fwp%2Fv2%2Fcategories&post=33133"},{"taxonomy":"post_tag","embeddable":true,"href":"https:\/\/revistazetta.com\/index.php?rest_route=%2Fwp%2Fv2%2Ftags&post=33133"}],"curies":[{"name":"wp","href":"https:\/\/api.w.org\/{rel}","templated":true}]}}