{"id":33135,"date":"2019-10-30T07:20:38","date_gmt":"2019-10-30T12:20:38","guid":{"rendered":"http:\/\/www.revistazetta.com\/?p=33135"},"modified":"2019-10-30T07:37:38","modified_gmt":"2019-10-30T12:37:38","slug":"curi-propone-dau-adoptar-plan-accion-cartagena-2003","status":"publish","type":"post","link":"https:\/\/revistazetta.com\/?p=33135","title":{"rendered":"Curi propone a Dau adoptar plan de Acci\u00f3n Cartagena 2033"},"content":{"rendered":"<p>El concejal Javier Curi propuso que el \u201cPlan de Acci\u00f3n Cartagena 2033 Resilente, Incluyejte y Competitiva\u201d sea adoptado por el nuevo alcalde de Cartagena, William Dau Chamat.<\/p>\n<p>El cabildante dijo que este plan fue elaborado por el BID en asocio con Findeter, y contempla un c\u00famulo de acciones que bien podr\u00edan instrumentarse con el nuevo programa de gobierno elegido el pasado domingo.<\/p>\n<p>\u201cEste cuatrenio orient\u00f3 recursos para que Cartagena contara con un mapa de ruta en los pr\u00f3ximos veinte a\u00f1os, al 2033, para lograr que esta ciudad sea sostenible y competitiva. Hago un llamado a Pedrito Pereira y a Dau para que adopten este plan de acci\u00f3n como un acuerdo. Hay que adoptar este plan de acci\u00f3n, que ser\u00eda la columna vertebral del gobierno de William Dau. Este es el mapa con que debemos orientar y dirigir la ciudad. Este proceso de empalme debe tener como prioridad que se haga el acercamiento; este plan fue aprobado por el Gobierno nacional y con el respaldo de organismos internacionales; nos cost\u00f3 a los cartageneros.<\/p>\n<p>Curi Osorio tambi\u00e9n llam\u00f3 la atenci\u00f3n en la discusi\u00f3n del presupuesto 2020, para que se ajuste al plan de Dau Chamat.<\/p>\n<p>&nbsp;<\/p>\n","protected":false},"excerpt":{"rendered":"<p>El concejal Javier Curi propuso que el \u201cPlan de Acci\u00f3n Cartagena 2033 Resilente, Incluyejte y Competitiva\u201d sea adoptado por el nuevo alcalde de Cartagena, William Dau Chamat. El cabildante dijo que este plan fue elaborado por el BID en asocio con Findeter, y contempla un c\u00famulo de acciones que bien podr\u00edan instrumentarse con el nuevo programa de gobierno elegido el pasado domingo. \u201cEste cuatrenio orient\u00f3 recursos para que Cartagena contara con un mapa de ruta en los pr\u00f3ximos veinte a\u00f1os, al 2033, para lograr que esta ciudad sea sostenible y&#8230; <\/p>\n","protected":false},"author":3,"featured_media":33137,"comment_status":"open","ping_status":"closed","sticky":false,"template":"","format":"standard","meta":{"footnotes":"","_links_to":"","_links_to_target":""},"categories":[75,27,4],"tags":[],"class_list":["post-33135","post","type-post","status-publish","format-standard","has-post-thumbnail","hentry","category-destacada","category-politicaconcejo","category-politica"],"_links":{"self":[{"href":"https:\/\/revistazetta.com\/index.php?rest_route=\/wp\/v2\/posts\/33135","targetHints":{"allow":["GET"]}}],"collection":[{"href":"https:\/\/revistazetta.com\/index.php?rest_route=\/wp\/v2\/posts"}],"about":[{"href":"https:\/\/revistazetta.com\/index.php?rest_route=\/wp\/v2\/types\/post"}],"author":[{"embeddable":true,"href":"https:\/\/revistazetta.com\/index.php?rest_route=\/wp\/v2\/users\/3"}],"replies":[{"embeddable":true,"href":"https:\/\/revistazetta.com\/index.php?rest_route=%2Fwp%2Fv2%2Fcomments&post=33135"}],"version-history":[{"count":0,"href":"https:\/\/revistazetta.com\/index.php?rest_route=\/wp\/v2\/posts\/33135\/revisions"}],"wp:featuredmedia":[{"embeddable":true,"href":"https:\/\/revistazetta.com\/index.php?rest_route=\/wp\/v2\/media\/33137"}],"wp:attachment":[{"href":"https:\/\/revistazetta.com\/index.php?rest_route=%2Fwp%2Fv2%2Fmedia&parent=33135"}],"wp:term":[{"taxonomy":"category","embeddable":true,"href":"https:\/\/revistazetta.com\/index.php?rest_route=%2Fwp%2Fv2%2Fcategories&post=33135"},{"taxonomy":"post_tag","embeddable":true,"href":"https:\/\/revistazetta.com\/index.php?rest_route=%2Fwp%2Fv2%2Ftags&post=33135"}],"curies":[{"name":"wp","href":"https:\/\/api.w.org\/{rel}","templated":true}]}}