{"id":33138,"date":"2019-10-30T14:56:47","date_gmt":"2019-10-30T19:56:47","guid":{"rendered":"http:\/\/www.revistazetta.com\/?p=33138"},"modified":"2019-10-30T15:05:52","modified_gmt":"2019-10-30T20:05:52","slug":"dumek-vicentico-iniciaron-empalme","status":"publish","type":"post","link":"https:\/\/revistazetta.com\/?p=33138","title":{"rendered":"Dumek y Vicentico iniciaron empalme"},"content":{"rendered":"<p>El martes 5 de noviembre es la instalaci\u00f3n formal del proceso de empalme entre el gobierno saliente de Dumek Turbay y el entrante de Vicente Blel Scaff en la Gobernaci\u00f3n de Bol\u00edvar.<\/p>\n<p>Los dirigentes se reunieron este mi\u00e9rcoles en el Centro Administrativo Departamental de Turbaco, bajo un ambiente de cordialidad.Turbay Paz reiter\u00f3 su total disposici\u00f3n para que la transici\u00f3n de gobierno a trav\u00e9s del proceso de empalme sea lo menos traum\u00e1tica posible. Blel Scaff apreci\u00f3 el trabajo articulado que se dar\u00e1 y exterioriz\u00f3 que recibir\u00e1 de la mejor manera los consejos, experiencias y asesor\u00eda por parte del gobernador, Dumek Turbay.<\/p>\n<p>En la jornada de instalaci\u00f3n se presentar\u00e1 a las personas que encabezar\u00e1n las respectivas comisiones.<\/p>\n<p>\u201cLe hemos solicitado al gobernador electo su presencia en algunos temas de agenda, trascendentales para el desarrollo social del territorio. Por ejemplo Juegos Deportivos Nacionales y la entrega de algunas obras, en lo que resta del a\u00f1o. Vamos a estar siempre prestos para cuando el gobierno entrante as\u00ed lo requiera. As\u00ed ser\u00eda la din\u00e1mica de este proceso\u201d, subray\u00f3 el gobernador Turbay.<\/p>\n<p>El gobernador electo de Bol\u00edvar, Vicente Blel, estuvo acompa\u00f1ado por su esposa, Natalia Eljach y por miembros de su equipo de trabajo.<\/p>\n","protected":false},"excerpt":{"rendered":"<p>El martes 5 de noviembre es la instalaci\u00f3n formal del proceso de empalme entre el gobierno saliente de Dumek Turbay y el entrante de Vicente Blel Scaff en la Gobernaci\u00f3n de Bol\u00edvar. Los dirigentes se reunieron este mi\u00e9rcoles en el Centro Administrativo Departamental de Turbaco, bajo un ambiente de cordialidad.Turbay Paz reiter\u00f3 su total disposici\u00f3n para que la transici\u00f3n de gobierno a trav\u00e9s del proceso de empalme sea lo menos traum\u00e1tica posible. Blel Scaff apreci\u00f3 el trabajo articulado que se dar\u00e1 y exterioriz\u00f3 que recibir\u00e1 de la mejor manera los&#8230; <\/p>\n","protected":false},"author":3,"featured_media":33139,"comment_status":"open","ping_status":"closed","sticky":false,"template":"","format":"standard","meta":{"footnotes":"","_links_to":"","_links_to_target":""},"categories":[75,4],"tags":[],"class_list":["post-33138","post","type-post","status-publish","format-standard","has-post-thumbnail","hentry","category-destacada","category-politica"],"_links":{"self":[{"href":"https:\/\/revistazetta.com\/index.php?rest_route=\/wp\/v2\/posts\/33138","targetHints":{"allow":["GET"]}}],"collection":[{"href":"https:\/\/revistazetta.com\/index.php?rest_route=\/wp\/v2\/posts"}],"about":[{"href":"https:\/\/revistazetta.com\/index.php?rest_route=\/wp\/v2\/types\/post"}],"author":[{"embeddable":true,"href":"https:\/\/revistazetta.com\/index.php?rest_route=\/wp\/v2\/users\/3"}],"replies":[{"embeddable":true,"href":"https:\/\/revistazetta.com\/index.php?rest_route=%2Fwp%2Fv2%2Fcomments&post=33138"}],"version-history":[{"count":0,"href":"https:\/\/revistazetta.com\/index.php?rest_route=\/wp\/v2\/posts\/33138\/revisions"}],"wp:featuredmedia":[{"embeddable":true,"href":"https:\/\/revistazetta.com\/index.php?rest_route=\/wp\/v2\/media\/33139"}],"wp:attachment":[{"href":"https:\/\/revistazetta.com\/index.php?rest_route=%2Fwp%2Fv2%2Fmedia&parent=33138"}],"wp:term":[{"taxonomy":"category","embeddable":true,"href":"https:\/\/revistazetta.com\/index.php?rest_route=%2Fwp%2Fv2%2Fcategories&post=33138"},{"taxonomy":"post_tag","embeddable":true,"href":"https:\/\/revistazetta.com\/index.php?rest_route=%2Fwp%2Fv2%2Ftags&post=33138"}],"curies":[{"name":"wp","href":"https:\/\/api.w.org\/{rel}","templated":true}]}}