{"id":33153,"date":"2019-10-31T08:11:36","date_gmt":"2019-10-31T13:11:36","guid":{"rendered":"http:\/\/www.revistazetta.com\/?p=33153"},"modified":"2019-10-31T08:11:36","modified_gmt":"2019-10-31T13:11:36","slug":"alcalde-dau-estallo-tiempo-vendido-universal-pusilamine","status":"publish","type":"post","link":"https:\/\/revistazetta.com\/?p=33153","title":{"rendered":"Alcalde Dau estall\u00f3 contra El Tiempo \u201cvendido\u201d \u00a0y El Universal \u201cpusil\u00e1mine\u201d"},"content":{"rendered":"<p>El alcalde electo de Cartagena, William Dau, estall\u00f3 contra los peri\u00f3dicos El Tiempo, de Bogot\u00e1, y El Universal de Cartagena. Al diario capitalino lo tild\u00f3 de \u201cvendido\u201d y al local lo calific\u00f3 de \u201cpusil\u00e1nime\u201d, y extendi\u00f3 su desaprobaci\u00f3n al generalizar que la mayor\u00eda de los periodistas de Cartagena son de \u201cest\u00f3mago\u201d.<\/p>\n<p>En entrevista en LaW Radio con Julio S\u00e1nchez Cristo, el nuevo mandatario dijo que \u201cEl Tiempo es un vendido, yo no conf\u00edo en el El Tiempo, periodismo de est\u00f3mago\u201d, y m\u00e1s adelante corrigi\u00f3 y especific\u00f3 que \u201cYo no tengo nada contra El Tiempo sino espec\u00edficamente contra el corresponsal de Cartagena que es John Monta\u00f1o\u201d.<\/p>\n<p>Respecto de El Universal, dijo que es \u201ces pusil\u00e1nime. El Universal jam\u00e1s lo has visto atacando a los corruptos, siempre toma el camino m\u00e1s seguro y evita la pol\u00e9mica\u201d. M\u00e1s adelante precis\u00f3 que \u201ccon El Universal la relaci\u00f3n ha cambiado tremendamente un 10 mil por ciento desde el d\u00eda de las elecciones\u201d.<\/p>\n<p>Dijo que ten\u00eda buenas relaciones con Caracol y RCN. Ni le preguntaron por otros medios ni mencion\u00f3 otros medios.<\/p>\n<p>Esta es la entrevista completa en La WRadio<\/p>\n<p>&nbsp;<\/p>\n<p><iframe loading=\"lazy\" src=\"https:\/\/play.wradio.com.co\/widget\/audio\/3973624\/87\" width=\"100%\" height=\"102\" frameborder=\"0\" allowfullscreen=\"allowfullscreen\"><\/iframe><\/p>\n","protected":false},"excerpt":{"rendered":"<p>El alcalde electo de Cartagena, William Dau, estall\u00f3 contra los peri\u00f3dicos El Tiempo, de Bogot\u00e1, y El Universal de Cartagena. Al diario capitalino lo tild\u00f3 de \u201cvendido\u201d y al local lo calific\u00f3 de \u201cpusil\u00e1nime\u201d, y extendi\u00f3 su desaprobaci\u00f3n al generalizar que la mayor\u00eda de los periodistas de Cartagena son de \u201cest\u00f3mago\u201d. En entrevista en LaW Radio con Julio S\u00e1nchez Cristo, el nuevo mandatario dijo que \u201cEl Tiempo es un vendido, yo no conf\u00edo en el El Tiempo, periodismo de est\u00f3mago\u201d, y m\u00e1s adelante corrigi\u00f3 y especific\u00f3 que \u201cYo no tengo&#8230; <\/p>\n","protected":false},"author":3,"featured_media":0,"comment_status":"open","ping_status":"closed","sticky":false,"template":"","format":"standard","meta":{"footnotes":"","_links_to":"","_links_to_target":""},"categories":[75,4],"tags":[],"class_list":["post-33153","post","type-post","status-publish","format-standard","hentry","category-destacada","category-politica"],"_links":{"self":[{"href":"https:\/\/revistazetta.com\/index.php?rest_route=\/wp\/v2\/posts\/33153","targetHints":{"allow":["GET"]}}],"collection":[{"href":"https:\/\/revistazetta.com\/index.php?rest_route=\/wp\/v2\/posts"}],"about":[{"href":"https:\/\/revistazetta.com\/index.php?rest_route=\/wp\/v2\/types\/post"}],"author":[{"embeddable":true,"href":"https:\/\/revistazetta.com\/index.php?rest_route=\/wp\/v2\/users\/3"}],"replies":[{"embeddable":true,"href":"https:\/\/revistazetta.com\/index.php?rest_route=%2Fwp%2Fv2%2Fcomments&post=33153"}],"version-history":[{"count":0,"href":"https:\/\/revistazetta.com\/index.php?rest_route=\/wp\/v2\/posts\/33153\/revisions"}],"wp:attachment":[{"href":"https:\/\/revistazetta.com\/index.php?rest_route=%2Fwp%2Fv2%2Fmedia&parent=33153"}],"wp:term":[{"taxonomy":"category","embeddable":true,"href":"https:\/\/revistazetta.com\/index.php?rest_route=%2Fwp%2Fv2%2Fcategories&post=33153"},{"taxonomy":"post_tag","embeddable":true,"href":"https:\/\/revistazetta.com\/index.php?rest_route=%2Fwp%2Fv2%2Ftags&post=33153"}],"curies":[{"name":"wp","href":"https:\/\/api.w.org\/{rel}","templated":true}]}}