{"id":33155,"date":"2019-11-01T06:26:59","date_gmt":"2019-11-01T11:26:59","guid":{"rendered":"http:\/\/www.revistazetta.com\/?p=33155"},"modified":"2019-11-01T06:26:59","modified_gmt":"2019-11-01T11:26:59","slug":"este-viernes-llega-iv-foro-jovenes-protagonistas-del-cambio","status":"publish","type":"post","link":"https:\/\/revistazetta.com\/?p=33155","title":{"rendered":"Este viernes llega IV Foro de J\u00f3venes Protagonistas del Cambio"},"content":{"rendered":"<div>Ya est\u00e1 todo listo para la puesta en escena de la cuarta versi\u00f3n del gran Foro de\u00a0J\u00f3venes\u00a0Protagonistas del Cambio de la C\u00e1mara de Comercio de Cartagena y sus aliados estrat\u00e9gicos, que se realizar\u00e1 este viernes 1 de noviembre en el Centro de Convenciones Cartagena de Indias,<\/div>\n<div><\/div>\n<div>En esta oportunidad, el ya posicionado espacio gratuito, tendr\u00e1 como ejes tem\u00e1ticos las l\u00edneas de innovaci\u00f3n, emprendimiento, sostenibilidad y construcci\u00f3n de pa\u00eds, y contar\u00e1 con importantes y destacadas figuras invitadas del \u00e1mbito nacional e internacional, quienes participar\u00e1n a trav\u00e9s de diferentes \u201cimpact talks\u201d, conferencias breves y de gran impacto.<\/div>\n<div><\/div>\n<div>\u201cLa invitaci\u00f3n es para que la juventud se sume al cambio, que aprovechen estos espacios enfocados principalmente a generar el intercambio de conocimientos y experiencias, adem\u00e1s de generar oportunidades que les permita el cumplimiento de sus sue\u00f1os\u201d, anot\u00f3 Juan Pablo V\u00e9lez Castellanos, presidente Ejecutivo (e) de la C\u00e1mara de Comercio de Cartagena.<\/div>\n<div><\/div>\n<div>De igual forma, indic\u00f3 que \u201clos j\u00f3venes\u00a0tienen la oportunidad y el poder de la movilizaci\u00f3n social para materializar un mundo m\u00e1s sostenible. Son ustedes quienes pueden hacer el cambio y transformar nuestra sociedad.\u201d<\/div>\n<div><\/div>\n<div><\/div>\n<div><strong>Los invitados<\/strong><\/div>\n<div><\/div>\n<div>El evento contar\u00e1 con importantes invitados, como lo son: \u00c1lvaro Rodr\u00edguez, vicepresidente de Ventures, quien hablar\u00e1 sobre emprendimientos de alto impacto; Carlos Jaramillo, cofundador de Distilled Innovation, con la tem\u00e1tica Revoluci\u00f3n industrial 4.o; Jeison Aristiz\u00e1bal, h\u00e9roe CNN y CEO de la Fundaci\u00f3n Asdisvalle, con la conferencia \u201cEmprendimiento Social\u201d; Felipe Buitrago, Viceministro de Creatividad y Econom\u00eda Naranja, con la ponencia sobre esta misma l\u00ednea; Giorgio Ara\u00fajo, empresario, con la \u201cInnovaci\u00f3n en la democracia\u201d; Santiago Mej\u00eda, Gerente General de Surtigas, con la conferencia \u201cConciencia Ambiental Aire\u201d; Juan Diego Mej\u00eda, Presidente de Esenttia, con la conferencia \u201cConciencia Ambiental Tierra\u201d; Jes\u00fas Garc\u00eda, Gerente General de Aguas de Cartagena, con la conferencia \u201cConciencia Ambiental Agua\u201d; Nicole Chapaval, CEO de Platzi, con la conferencia \u201cEducaci\u00f3n Digital\u201d; Menzel Am\u00edn, Presidente de KMA Construcciones, con la tem\u00e1tica, \u201cL\u00edderes del Caribe\u201d; y Felipe \u201cPipe\u201d Santos, influenciador cartagenero, con la tem\u00e1tica \u201cInfluenciar como estilo de vida\u201d.<\/div>\n<div><\/div>\n<div><strong>Aliados<\/strong><\/div>\n<div>El Foro cuenta con importantes aliados, quienes apuestan tambi\u00e9n por el empoderamiento de los j\u00f3venes como medio transformador de la sociedad. Estos son: AcdiVoca, USAID, Esenttia, Surtigas, Acuacar, Puerto Bah\u00eda, Fundaci\u00f3n Bavaria, Banco de Bogot\u00e1, Telef\u00f3nica Movistar, Postob\u00f3n, Ecoway, Universidad del Sin\u00fa, UNFPA, Megatiendas Blue Lens y RCN Radio.<\/div>\n<div><\/div>\n<div>Las inscripciones estuvieron abiertas hasta este mi\u00e9rcoles y, para\u00a0participar, cada inscrito deber\u00e1 entregar una botella pl\u00e1stica al momento de realizar el registro de ingreso el d\u00eda del evento. Para mayor informaci\u00f2n, se puede consultar la agenda del Foro en <a href=\"https:\/\/link.cccartagena.org.co.cccartagena.org.co\/wf\/click?upn=90C8PtfpTjkCxdkww1gaDHAF8ccIymQuzkEfYMvVZC0ZOlxVWLbygFKPZcj4JNrg_KkICG4pff-2BglsjhsHu5wOauMEOgKvMIw2RCQhy9atzSHGIAinYKKU7aU0nv57eyECT2x8ffmBrxj5OuC3KtC8vD0Y49EgbXMtYKzpDP7NdWmAlqJbVXSLdQmsUKk2d-2BMNy8DNKHj6WoIJ4o5HqQ82hCHdlWB6Fn9JTwSkNQe-2BuaweTYXbPKRlgrO-2F2QQUsf2KsvuXR7oXwo9111EBrkPNw-3D-3D\" target=\"_blank\" rel=\"noopener\" data-saferedirecturl=\"https:\/\/www.google.com\/url?q=https:\/\/link.cccartagena.org.co.cccartagena.org.co\/wf\/click?upn%3D90C8PtfpTjkCxdkww1gaDHAF8ccIymQuzkEfYMvVZC0ZOlxVWLbygFKPZcj4JNrg_KkICG4pff-2BglsjhsHu5wOauMEOgKvMIw2RCQhy9atzSHGIAinYKKU7aU0nv57eyECT2x8ffmBrxj5OuC3KtC8vD0Y49EgbXMtYKzpDP7NdWmAlqJbVXSLdQmsUKk2d-2BMNy8DNKHj6WoIJ4o5HqQ82hCHdlWB6Fn9JTwSkNQe-2BuaweTYXbPKRlgrO-2F2QQUsf2KsvuXR7oXwo9111EBrkPNw-3D-3D&amp;source=gmail&amp;ust=1572642103884000&amp;usg=AFQjCNEEjo4F4Q8_sAWbeE3-5brglZmx0Q\">www.cccartagena.org.co<\/a><\/div>\n","protected":false},"excerpt":{"rendered":"<p>Ya est\u00e1 todo listo para la puesta en escena de la cuarta versi\u00f3n del gran Foro de\u00a0J\u00f3venes\u00a0Protagonistas del Cambio de la C\u00e1mara de Comercio de Cartagena y sus aliados estrat\u00e9gicos, que se realizar\u00e1 este viernes 1 de noviembre en el Centro de Convenciones Cartagena de Indias, En esta oportunidad, el ya posicionado espacio gratuito, tendr\u00e1 como ejes tem\u00e1ticos las l\u00edneas de innovaci\u00f3n, emprendimiento, sostenibilidad y construcci\u00f3n de pa\u00eds, y contar\u00e1 con importantes y destacadas figuras invitadas del \u00e1mbito nacional e internacional, quienes participar\u00e1n a trav\u00e9s de diferentes \u201cimpact talks\u201d, conferencias&#8230; <\/p>\n","protected":false},"author":3,"featured_media":33158,"comment_status":"open","ping_status":"closed","sticky":false,"template":"","format":"standard","meta":{"footnotes":"","_links_to":"","_links_to_target":""},"categories":[75,3,50],"tags":[],"class_list":["post-33155","post","type-post","status-publish","format-standard","has-post-thumbnail","hentry","category-destacada","category-ciudad","category-empresa"],"_links":{"self":[{"href":"https:\/\/revistazetta.com\/index.php?rest_route=\/wp\/v2\/posts\/33155","targetHints":{"allow":["GET"]}}],"collection":[{"href":"https:\/\/revistazetta.com\/index.php?rest_route=\/wp\/v2\/posts"}],"about":[{"href":"https:\/\/revistazetta.com\/index.php?rest_route=\/wp\/v2\/types\/post"}],"author":[{"embeddable":true,"href":"https:\/\/revistazetta.com\/index.php?rest_route=\/wp\/v2\/users\/3"}],"replies":[{"embeddable":true,"href":"https:\/\/revistazetta.com\/index.php?rest_route=%2Fwp%2Fv2%2Fcomments&post=33155"}],"version-history":[{"count":0,"href":"https:\/\/revistazetta.com\/index.php?rest_route=\/wp\/v2\/posts\/33155\/revisions"}],"wp:featuredmedia":[{"embeddable":true,"href":"https:\/\/revistazetta.com\/index.php?rest_route=\/wp\/v2\/media\/33158"}],"wp:attachment":[{"href":"https:\/\/revistazetta.com\/index.php?rest_route=%2Fwp%2Fv2%2Fmedia&parent=33155"}],"wp:term":[{"taxonomy":"category","embeddable":true,"href":"https:\/\/revistazetta.com\/index.php?rest_route=%2Fwp%2Fv2%2Fcategories&post=33155"},{"taxonomy":"post_tag","embeddable":true,"href":"https:\/\/revistazetta.com\/index.php?rest_route=%2Fwp%2Fv2%2Ftags&post=33155"}],"curies":[{"name":"wp","href":"https:\/\/api.w.org\/{rel}","templated":true}]}}