{"id":33156,"date":"2019-11-01T06:34:13","date_gmt":"2019-11-01T11:34:13","guid":{"rendered":"http:\/\/www.revistazetta.com\/?p=33156"},"modified":"2019-11-01T06:34:13","modified_gmt":"2019-11-01T11:34:13","slug":"enigmatico-comunicado-fenalco-bolivar-alcalde-dau","status":"publish","type":"post","link":"https:\/\/revistazetta.com\/?p=33156","title":{"rendered":"Enigm\u00e1tico comunicado de Fenalco Bol\u00edvar sobre alcalde Dau"},"content":{"rendered":"<p>El gremio de comerciantes Fenalco, seccional Bol\u00edvar, emiti\u00f3 un comunicado sobre la elecci\u00f3n del nuevo alcalde de Cartagena, William Dau Chamat, con una redacci\u00f3n confusa, que le hace enigm\u00e1tico.<\/p>\n<p>\u00bfQu\u00e9 quiso decir el gremio? Aqu\u00ed el comunicado:<\/p>\n<p>&nbsp;<\/p>\n<p><span style=\"color: #000080;\"><strong>COMUNICADO DE PRENSA <\/strong><\/span><\/p>\n<p><span style=\"color: #000080;\"><strong>Elecci\u00f3n alcalde de Cartagena <\/strong><\/span><\/p>\n<p><span style=\"color: #000080;\">Cartagena de Indias, 30 de octubre de 2019<\/span><\/p>\n<p><span style=\"color: #000080;\">Cartagena es una ciudad con significativos avances, pero tambi\u00e9n con enormes desaf\u00edos sociales e institucionales que superar. La\u00a0ciudadan\u00eda deposit\u00f3 su confianza para ejercer la primera magistratura en una persona a quien le conocemos de cerca su coherencia frente a los temas p\u00fablicos que le han interesado en el pasado y que se convirtieron en su carta de presentaci\u00f3n para llegar al solio de la Aduana.<\/span><\/p>\n<p>&nbsp;<\/p>\n<p><span style=\"color: #000080;\">El alcalde electo ha \u00a0reconocido en los espacios de participaci\u00f3n de campa\u00f1a que su programa de gobierno no es \u00a0el m\u00e1s elaborado y en efecto es as\u00ed; puede entonces tomarse tal situaci\u00f3n una oportunidad para construir con el conocimiento recabado por\u00a0 diferentes\u00a0 institucionalidades territoriales que vienen haciendo un serio trabajo, un programa de desarrollo que reconozca las m\u00e1s apremiantes necesidades de la ciudad; convenga donde poner el esfuerzo colectivo que de los mejores r\u00e9ditos sostenibles en el tiempo\u00a0 y que adem\u00e1s \u00a0siente \u00a0las bases s\u00f3lidas \u00a0para todos aquellos planes que \u00a0superan el periodo de gobierno, entre otras cosas, construir una fuerte\u00a0 institucionalidad\u00a0 de lo p\u00fablico, que exige m\u00e1s all\u00e1 de la sola gesti\u00f3n del gobernante, aunque ese \u00a0sea su deber y sobre lo cual deberemos ejercer tambi\u00e9n el control social que corresponde.<\/span><\/p>\n<p>&nbsp;<\/p>\n<p><span style=\"color: #000080;\">Por lo conocido durante la campa\u00f1a, llega sin ataduras, lo cual no es com\u00fan. Tal condici\u00f3n le permitir\u00e1 acopiar, si as\u00ed lo decide, un equipo con\u00a0personas t\u00e9cnicas en las \u00e1reas propias de cada agencia, que lleguen con el \u00fanico \u00e1nimo de servir y de trascender porque su esfuerzo contribuy\u00f3 a dejar una ciudad mejor; las hay\u00a0y muchas, y en especial j\u00f3venes deseosos de hacer bien las cosas, en espera de una oportunidad y consecuente con ello, ha sido su manifestaci\u00f3n de confiar en cazatalentos parte de esa tarea.<\/span><\/p>\n<p><span style=\"color: #000080;\">\u00a0\u00a0<\/span><\/p>\n<p><span style=\"color: #000080;\">Quienes habitamos y nos desarrollamos en Cartagena, estamos obligados a revisar tanto la calidad como el tama\u00f1o del compromiso com\u00fan que debemos ofrecerle para que podamos construir de manera segura y sistem\u00e1tica su gobernabilidad democr\u00e1tica tan deteriorada pero absolutamente\u00a0necesaria para darle sustento a un verdadero entorno competitivo,\u00a0que por antonomasia implica el progreso colectivo.\u00a0 El alcalde tiene la palabra.<\/span><\/p>\n<p>&nbsp;<\/p>\n<p><span style=\"color: #000080;\">FIN DEL COMUNICADO<\/span><\/p>\n","protected":false},"excerpt":{"rendered":"<p>El gremio de comerciantes Fenalco, seccional Bol\u00edvar, emiti\u00f3 un comunicado sobre la elecci\u00f3n del nuevo alcalde de Cartagena, William Dau Chamat, con una redacci\u00f3n confusa, que le hace enigm\u00e1tico. \u00bfQu\u00e9 quiso decir el gremio? Aqu\u00ed el comunicado: &nbsp; COMUNICADO DE PRENSA Elecci\u00f3n alcalde de Cartagena Cartagena de Indias, 30 de octubre de 2019 Cartagena es una ciudad con significativos avances, pero tambi\u00e9n con enormes desaf\u00edos sociales e institucionales que superar. La\u00a0ciudadan\u00eda deposit\u00f3 su confianza para ejercer la primera magistratura en una persona a quien le conocemos de cerca su coherencia&#8230; <\/p>\n","protected":false},"author":3,"featured_media":33159,"comment_status":"open","ping_status":"closed","sticky":false,"template":"","format":"standard","meta":{"footnotes":"","_links_to":"","_links_to_target":""},"categories":[75,3,50],"tags":[],"class_list":["post-33156","post","type-post","status-publish","format-standard","has-post-thumbnail","hentry","category-destacada","category-ciudad","category-empresa"],"_links":{"self":[{"href":"https:\/\/revistazetta.com\/index.php?rest_route=\/wp\/v2\/posts\/33156","targetHints":{"allow":["GET"]}}],"collection":[{"href":"https:\/\/revistazetta.com\/index.php?rest_route=\/wp\/v2\/posts"}],"about":[{"href":"https:\/\/revistazetta.com\/index.php?rest_route=\/wp\/v2\/types\/post"}],"author":[{"embeddable":true,"href":"https:\/\/revistazetta.com\/index.php?rest_route=\/wp\/v2\/users\/3"}],"replies":[{"embeddable":true,"href":"https:\/\/revistazetta.com\/index.php?rest_route=%2Fwp%2Fv2%2Fcomments&post=33156"}],"version-history":[{"count":0,"href":"https:\/\/revistazetta.com\/index.php?rest_route=\/wp\/v2\/posts\/33156\/revisions"}],"wp:featuredmedia":[{"embeddable":true,"href":"https:\/\/revistazetta.com\/index.php?rest_route=\/wp\/v2\/media\/33159"}],"wp:attachment":[{"href":"https:\/\/revistazetta.com\/index.php?rest_route=%2Fwp%2Fv2%2Fmedia&parent=33156"}],"wp:term":[{"taxonomy":"category","embeddable":true,"href":"https:\/\/revistazetta.com\/index.php?rest_route=%2Fwp%2Fv2%2Fcategories&post=33156"},{"taxonomy":"post_tag","embeddable":true,"href":"https:\/\/revistazetta.com\/index.php?rest_route=%2Fwp%2Fv2%2Ftags&post=33156"}],"curies":[{"name":"wp","href":"https:\/\/api.w.org\/{rel}","templated":true}]}}