{"id":33160,"date":"2019-11-01T06:42:39","date_gmt":"2019-11-01T11:42:39","guid":{"rendered":"http:\/\/www.revistazetta.com\/?p=33160"},"modified":"2019-11-01T06:42:39","modified_gmt":"2019-11-01T11:42:39","slug":"competitividad-primero-gobernador-blel-acuerda-agenda-camcomercio","status":"publish","type":"post","link":"https:\/\/revistazetta.com\/?p=33160","title":{"rendered":"Competitividad primero: gobernador Blel acuerda agenda con CamComercio"},"content":{"rendered":"<p><img loading=\"lazy\" decoding=\"async\" class=\"size-medium wp-image-33163 alignright\" src=\"https:\/\/www.revistazetta.com\/wp-content\/uploads\/2019\/11\/20191031081931_IMG_5246-300x188.jpg\" alt=\"\" width=\"300\" height=\"188\" \/>Una productiva jornada de trabajo sostuvieron este jueves el Gobernador electo de Bol\u00edvar, Vicente Blel Scaff, y\u00a0directivos de la C\u00e1mara de Comercio de Cartagena, donde acordaron los temas sobre los que empezar\u00e1n a trabajar de manera conjunta una vez arranque la era del &#8216;Bol\u00edvar Primero&#8217;.<\/p>\n<p>Durante esa mesa de trabajo, el tema de los megaproyectos fue prioridad, especialmente esos que necesitan ejecutarse con urgencia tanto en la ciudad como en el departamento, tales como: la recuperaci\u00f3n del Canal del Dique, la terminaci\u00f3n de la v\u00eda Perimetral, la protecci\u00f3n costera,\u00a0 la segunda fase de la v\u00eda Playetas y el Recinto Ferial de Cartagena.<\/p>\n<p>Adem\u00e1s de los megaproyectos, el Gobernador electo manifest\u00f3 la importancia de adelantar las siguientes acciones en sus primeros d\u00edas de gobierno: recuperar el Hospital Universitario del Caribe y\u00a0la cl\u00ednica Maternidad Rafael Calvo.<\/p>\n<p>Otros puntos acordados para trabajar de manera conjunta fueron: educaci\u00f3n universitaria con enfoque territorial, fortalecimiento de la cultura, el deporte y el agro, y mayor acompa\u00f1amiento al campesinado bolivarense.<\/p>\n<p>El mandatario electo, Vicente Blel, asegur\u00f3 que \u00abfue una jornada productiva, donde intercambiamos ideas y planteamientos, todo en beneficio de Bol\u00edvar. Seremos un gobierno de unidad y de puertas abiertas, y con estas acciones lo ratificamos\u00bb.<\/p>\n<p>Por \u00faltimo,\u00a0se revis\u00f3 el estado en el que se encuentran los megaproyectos que han sido jalonados por el actual Gobierno Departamental con impacto en Cartagena y Bol\u00edvar y la puesta en marcha de mesas t\u00e9cnicas que permitan extender el efecto de todas estas acciones en beneficio de los habitantes del departamento.<\/p>\n<p>De esta manera inicia la primera etapa del\u00a0&#8216;Bol\u00edvar Primero&#8217;, con el Gobernador Blel trabajando desde ya para asumir el cargo en enero del 2020 con todas las herramientas necesarias para lograr que el departamento sea l\u00edder de la regi\u00f3n.<\/p>\n<p><img loading=\"lazy\" decoding=\"async\" class=\"size-medium wp-image-33162 alignleft\" src=\"https:\/\/www.revistazetta.com\/wp-content\/uploads\/2019\/11\/20191031075912_IMG_5092-300x188.jpg\" alt=\"\" width=\"300\" height=\"188\" \/>Juan Pablo V\u00e9lez Castellanos, Presidente Ejecutivo encargado de la C\u00e1mara, resalt\u00f3 el respaldo expresado por el pr\u00f3ximo mandatario y de igual manera destac\u00f3 la importancia que representa para el sector empresarial el inter\u00e9s que los nuevos dirigentes tengan sobre los proyectos regionales de alto impacto en la regi\u00f3n.<\/p>\n<p>\u201cQueremos que el nuevo gobernador sepa que el sector empresarial tiene un fuerte inter\u00e9s en seguir creciendo, por lo que agradecemos su compromiso, y la voluntad pol\u00edtica y administrativa para que se materialicen de manera sostenible cada una de las iniciativas que le hemos expuesto, y que son de vital trascendencia para el fortalecimiento del territorio\u201d, se\u00f1al\u00f3 V\u00e9lez.<\/p>\n<p>En el mismo sentido, Blel agradeci\u00f3 la oportunidad de ser escuchado y anunci\u00f3 que continuar\u00e1 en d\u00edas entrantes participando en diferentes mesas de trabajo con las fuerzas vivas de Cartagena y Bol\u00edvar.<\/p>\n<p>\u201cHa sido una gran jornada productiva, con la que damos inicio a un marco de actividades en el que tendremos como protagonista a los ciudadanos que anhelan un Bol\u00edvar Primero. Adem\u00e1s de los megaproyectos, manifestamos tambi\u00e9n nuestro compromiso de llevar a cabo la recuperaci\u00f3n del Hospital Universitario del Caribe y la Cl\u00ednica de Maternidad Rafael Calvo, importantes centros de salud que la capital del departamento demanda con urgencia\u201d, puntualiz\u00f3 el mandatario electo.<\/p>\n","protected":false},"excerpt":{"rendered":"<p>Una productiva jornada de trabajo sostuvieron este jueves el Gobernador electo de Bol\u00edvar, Vicente Blel Scaff, y\u00a0directivos de la C\u00e1mara de Comercio de Cartagena, donde acordaron los temas sobre los que empezar\u00e1n a trabajar de manera conjunta una vez arranque la era del &#8216;Bol\u00edvar Primero&#8217;. Durante esa mesa de trabajo, el tema de los megaproyectos fue prioridad, especialmente esos que necesitan ejecutarse con urgencia tanto en la ciudad como en el departamento, tales como: la recuperaci\u00f3n del Canal del Dique, la terminaci\u00f3n de la v\u00eda Perimetral, la protecci\u00f3n costera,\u00a0 la&#8230; <\/p>\n","protected":false},"author":3,"featured_media":33161,"comment_status":"open","ping_status":"closed","sticky":false,"template":"","format":"standard","meta":{"footnotes":"","_links_to":"","_links_to_target":""},"categories":[75,80],"tags":[],"class_list":["post-33160","post","type-post","status-publish","format-standard","has-post-thumbnail","hentry","category-destacada","category-region"],"_links":{"self":[{"href":"https:\/\/revistazetta.com\/index.php?rest_route=\/wp\/v2\/posts\/33160","targetHints":{"allow":["GET"]}}],"collection":[{"href":"https:\/\/revistazetta.com\/index.php?rest_route=\/wp\/v2\/posts"}],"about":[{"href":"https:\/\/revistazetta.com\/index.php?rest_route=\/wp\/v2\/types\/post"}],"author":[{"embeddable":true,"href":"https:\/\/revistazetta.com\/index.php?rest_route=\/wp\/v2\/users\/3"}],"replies":[{"embeddable":true,"href":"https:\/\/revistazetta.com\/index.php?rest_route=%2Fwp%2Fv2%2Fcomments&post=33160"}],"version-history":[{"count":0,"href":"https:\/\/revistazetta.com\/index.php?rest_route=\/wp\/v2\/posts\/33160\/revisions"}],"wp:featuredmedia":[{"embeddable":true,"href":"https:\/\/revistazetta.com\/index.php?rest_route=\/wp\/v2\/media\/33161"}],"wp:attachment":[{"href":"https:\/\/revistazetta.com\/index.php?rest_route=%2Fwp%2Fv2%2Fmedia&parent=33160"}],"wp:term":[{"taxonomy":"category","embeddable":true,"href":"https:\/\/revistazetta.com\/index.php?rest_route=%2Fwp%2Fv2%2Fcategories&post=33160"},{"taxonomy":"post_tag","embeddable":true,"href":"https:\/\/revistazetta.com\/index.php?rest_route=%2Fwp%2Fv2%2Ftags&post=33160"}],"curies":[{"name":"wp","href":"https:\/\/api.w.org\/{rel}","templated":true}]}}