{"id":33164,"date":"2019-11-01T06:48:20","date_gmt":"2019-11-01T11:48:20","guid":{"rendered":"http:\/\/www.revistazetta.com\/?p=33164"},"modified":"2019-11-01T06:48:20","modified_gmt":"2019-11-01T11:48:20","slug":"colorido-entusiasta-festival-jorge-garcia-usta","status":"publish","type":"post","link":"https:\/\/revistazetta.com\/?p=33164","title":{"rendered":"Colorido y entusiasta Festival \u201cJorge Garc\u00eda Usta\u201d"},"content":{"rendered":"<blockquote><p><strong><em>Participaron 51 instituciones educativas en la 14\u00aa versi\u00f3n anual de este certamen, invaluable aporte al rescate y revitalizaci\u00f3n de nuestra cultura.<\/em><\/strong><\/p><\/blockquote>\n<p><img loading=\"lazy\" decoding=\"async\" class=\"size-medium wp-image-33166 alignright\" src=\"https:\/\/www.revistazetta.com\/wp-content\/uploads\/2019\/11\/JGU-1-300x199.jpeg\" alt=\"\" width=\"300\" height=\"199\" \/>Tambores, gaitas y clarinetes resonaron sin pausa todo el d\u00eda para acompa\u00f1ar a los grupos de baile de las 51 instituciones educativas que participaron en el XIV Festival Escolar de M\u00fasica y Danza \u201cJorge Garc\u00eda Usta\u201d.<\/p>\n<p>En el coliseo del colegio Salesiano, en el barrio San Diego, desfil\u00f3 todo un sentimiento, toda una cultura, toda una generaci\u00f3n de nuevos cartageneros, con aprecio por los valores culturales, y con conciencia de la importancia de la celebraci\u00f3n de la Independencia de Cartagena de Indias.<\/p>\n<p>Con mucha creatividad confeccionaron sus atuendos, que lucieron vivaces y coloridos, y fueron el traje perfecto para ilustrar el concepto de cada danza, apoyados en la riqueza musical de nuestra tierra.<\/p>\n<p>Claudia Almeida Castillo, secretaria de Educaci\u00f3n Distrital, instal\u00f3 el Festival JGU y se\u00f1al\u00f3 que \u201ces es importante integrar la escuela a la agenda cultural novembrina, y es de suma importancia saber que con esto los corazones se alegran y la ciudad valora este talento de nuestros estudiantes\u201d.<\/p>\n<p>El Festival Jorge Garc\u00eda Usta llega a esta versi\u00f3n n\u00famero 14 gracias al esfuerzo de la Secretar\u00eda de Educaci\u00f3n Distrital, red de educadores culturales, el Sudeb, el IPCC, bajo la coordinaci\u00f3n general de la Alcald\u00eda de Cartagena de Indias.<\/p>\n<p><img loading=\"lazy\" decoding=\"async\" class=\"size-medium wp-image-33172 aligncenter\" src=\"https:\/\/www.revistazetta.com\/wp-content\/uploads\/2019\/11\/JGU-9-300x183.jpeg\" alt=\"\" width=\"300\" height=\"183\" \/><\/p>\n<p>Estos son los ganadores:<\/p>\n<p><strong>Categor\u00eda Infantil\u00a0<\/strong><\/p>\n<p><strong>Primer lugar:\u00a0<\/strong><\/p>\n<p>IE Nuevo Bosque<\/p>\n<p><strong>Segundo lugar:<\/strong><\/p>\n<p>IE Luis C L\u00f3pez<\/p>\n<p><strong>Tercer lugar:<\/strong><\/p>\n<p>IE Mar\u00eda Auxiliadora.<\/p>\n<p>&nbsp;<\/p>\n<p><strong>Categor\u00eda Juvenil\u00a0<\/strong><\/p>\n<p><strong>Primer lugar<\/strong><\/p>\n<p>IE San Felipe Neri<\/p>\n<p><strong>Segundo lugar<\/strong><\/p>\n<p>IE Madre Gabriela<\/p>\n<p><strong>Tercer lugar<\/strong><\/p>\n<p>IE Ca\u00f1o del Oro<\/p>\n<p>&nbsp;<\/p>\n<p><strong>Menciones Especiales:<\/strong><\/p>\n<p><strong>Infantil<\/strong><\/p>\n<p>IE a Milagrosa<\/p>\n<p><strong>Juvenil<\/strong><\/p>\n<p>IE Nuestra Se\u00f1ora del Carmen<\/p>\n<p>&nbsp;<\/p>\n<p><img loading=\"lazy\" decoding=\"async\" class=\"alignnone size-medium wp-image-33167\" src=\"https:\/\/www.revistazetta.com\/wp-content\/uploads\/2019\/11\/JGU-2-300x199.jpeg\" alt=\"\" width=\"300\" height=\"199\" \/> <img loading=\"lazy\" decoding=\"async\" class=\"alignnone size-medium wp-image-33168\" src=\"https:\/\/www.revistazetta.com\/wp-content\/uploads\/2019\/11\/JGU-5-300x200.jpeg\" alt=\"\" width=\"300\" height=\"200\" \/> <img loading=\"lazy\" decoding=\"async\" class=\"alignnone size-medium wp-image-33169\" src=\"https:\/\/www.revistazetta.com\/wp-content\/uploads\/2019\/11\/JGU-6-300x200.jpeg\" alt=\"\" width=\"300\" height=\"200\" \/> <img loading=\"lazy\" decoding=\"async\" class=\"alignnone size-medium wp-image-33170\" src=\"https:\/\/www.revistazetta.com\/wp-content\/uploads\/2019\/11\/JGU-7-300x200.jpeg\" alt=\"\" width=\"300\" height=\"200\" \/> <img loading=\"lazy\" decoding=\"async\" class=\"alignnone size-medium wp-image-33171\" src=\"https:\/\/www.revistazetta.com\/wp-content\/uploads\/2019\/11\/JGU-8-300x184.jpeg\" alt=\"\" width=\"300\" height=\"184\" \/><\/p>\n","protected":false},"excerpt":{"rendered":"<p>Participaron 51 instituciones educativas en la 14\u00aa versi\u00f3n anual de este certamen, invaluable aporte al rescate y revitalizaci\u00f3n de nuestra cultura. Tambores, gaitas y clarinetes resonaron sin pausa todo el d\u00eda para acompa\u00f1ar a los grupos de baile de las 51 instituciones educativas que participaron en el XIV Festival Escolar de M\u00fasica y Danza \u201cJorge Garc\u00eda Usta\u201d. En el coliseo del colegio Salesiano, en el barrio San Diego, desfil\u00f3 todo un sentimiento, toda una cultura, toda una generaci\u00f3n de nuevos cartageneros, con aprecio por los valores culturales, y con conciencia&#8230; <\/p>\n","protected":false},"author":3,"featured_media":33165,"comment_status":"open","ping_status":"closed","sticky":false,"template":"","format":"standard","meta":{"footnotes":"","_links_to":"","_links_to_target":""},"categories":[41,75,43],"tags":[],"class_list":["post-33164","post","type-post","status-publish","format-standard","has-post-thumbnail","hentry","category-cultura","category-destacada","category-cultura-musica"],"_links":{"self":[{"href":"https:\/\/revistazetta.com\/index.php?rest_route=\/wp\/v2\/posts\/33164","targetHints":{"allow":["GET"]}}],"collection":[{"href":"https:\/\/revistazetta.com\/index.php?rest_route=\/wp\/v2\/posts"}],"about":[{"href":"https:\/\/revistazetta.com\/index.php?rest_route=\/wp\/v2\/types\/post"}],"author":[{"embeddable":true,"href":"https:\/\/revistazetta.com\/index.php?rest_route=\/wp\/v2\/users\/3"}],"replies":[{"embeddable":true,"href":"https:\/\/revistazetta.com\/index.php?rest_route=%2Fwp%2Fv2%2Fcomments&post=33164"}],"version-history":[{"count":0,"href":"https:\/\/revistazetta.com\/index.php?rest_route=\/wp\/v2\/posts\/33164\/revisions"}],"wp:featuredmedia":[{"embeddable":true,"href":"https:\/\/revistazetta.com\/index.php?rest_route=\/wp\/v2\/media\/33165"}],"wp:attachment":[{"href":"https:\/\/revistazetta.com\/index.php?rest_route=%2Fwp%2Fv2%2Fmedia&parent=33164"}],"wp:term":[{"taxonomy":"category","embeddable":true,"href":"https:\/\/revistazetta.com\/index.php?rest_route=%2Fwp%2Fv2%2Fcategories&post=33164"},{"taxonomy":"post_tag","embeddable":true,"href":"https:\/\/revistazetta.com\/index.php?rest_route=%2Fwp%2Fv2%2Ftags&post=33164"}],"curies":[{"name":"wp","href":"https:\/\/api.w.org\/{rel}","templated":true}]}}