{"id":33173,"date":"2019-11-02T08:18:05","date_gmt":"2019-11-02T13:18:05","guid":{"rendered":"http:\/\/www.revistazetta.com\/?p=33173"},"modified":"2019-11-02T08:18:05","modified_gmt":"2019-11-02T13:18:05","slug":"sexto-vuelo-semanal-klm-cartagena","status":"publish","type":"post","link":"https:\/\/revistazetta.com\/?p=33173","title":{"rendered":"\u00a1Sexto vuelo semanal de KLM a Cartagena!"},"content":{"rendered":"<p>La Compa\u00f1\u00eda Real Holandesa de Aviaci\u00f3n KLM comenz\u00f3 a conectar a \u2018La Heroica\u2019 con Europa y el mundo 6 veces por semana en un vuelo directo desde el aeropuerto internacional Rafael N\u00fa\u00f1ez de Cartagena al hub de \u00c1msterdam-Schiphol.<\/p>\n<p><em>\u201cCon este sexto vuelo entre Bogot\u00e1 &#8211; Cartagena y \u00c1msterdam, KLM cumple la promesa que nuestro fundador, Albert Plesman, hizo hace 100 a\u00f1os: conectar al mundo entero a trav\u00e9s del oc\u00e9ano del cielo. El aumento de nuestra oferta de vuelos en la ruta reafirma la ambici\u00f3n de KLM de seguir creciendo en Colombia, y contribuye a impulsar el turismo y la econom\u00eda en esta regi\u00f3n del pa\u00eds\u201d.<\/em> \u2013 declar\u00f3 \u00a0Rob Westerman, gerente general de Air France KLM para los Pa\u00edses Andinos, Centroam\u00e9rica y las Antillas Holandesas.<\/p>\n<p>Mar\u00eda Claudia Gede\u00f3n Cueter, gerente de Asuntos Corporativos de SACSA, asegur\u00f3 que el sexto vuelo de KLM a Cartagena, contribuir\u00e1 de manera positiva en el fortalecimiento de Cartagena como destino tur\u00edstico internacional y al Aeropuerto Internacional Rafael N\u00fa\u00f1ez como l\u00edder en conexi\u00f3n en el Caribe. \u201c<em>Con KLM le apostamos al mercado europeo. Estaremos conectados de manera directa con el aeropuerto de Schiphol, uno de los hubs m\u00e1s importantes de ese continente, lo que se ver\u00e1 reflejado en un aumento en el n\u00famero de pasajeros internacionales que visiten la ciudad\u201d<\/em>.<\/p>\n<p>Seg\u00fan los datos suministrados por SACSA, hasta septiembre de 2019 se movilizaron 4\u2019294.425 pasajeros, de los cuales 761.648 correspondieron a viajeros internacionales.<\/p>\n<p>La ruta \u00c1msterdam \u2013 Bogot\u00e1 \u2013 Cartagena &#8211; \u00c1msterdam, ser\u00e1 operada 6 veces por semana \u2013los d\u00edas lunes, martes, jueves viernes, s\u00e1bado y domingo-, en uno de los aviones m\u00e1s eficientes de la industria, un Boeing Dreamliner 787 con capacidad para 294 pasajeros.<\/p>\n<p>El avi\u00f3n cuenta con 30 sillas en la World Business Class y 264 en Economy Class, de las cuales, las primeras 45 sillas conforman la Zona Economy Confort. El Dreamliner est\u00e1 dise\u00f1ado para ofrecer mayor comodidad a los viajeros y para contribuir a la protecci\u00f3n del medio ambiente, pues consume 20% menos combustible y produce 20% menos C02.<\/p>\n<p>Durante la temporada del invierno europeo, del 1\u00b0 de noviembre de 2019 al 27 de marzo de 2020 el vuelo de KLM operar\u00e1 en el siguiente itinerario:<\/p>\n<ul>\n<li>Salida de Cartagena a las 18:55h, llegada a \u00c1msterdam a las 10:30h del d\u00eda siguiente (hora local).<\/li>\n<\/ul>\n<ul>\n<li>Salida de \u00c1msterdam a las 09:40h, llegada a Bogot\u00e1 a las 14:45h.<\/li>\n<li>Salida de Bogot\u00e1 a las 16:20h, llegada a Cartagena a las 17:45h.<\/li>\n<\/ul>\n<p>D\u00edas de vuelo: lunes, martes, jueves, viernes, s\u00e1bado y domingo.<\/p>\n","protected":false},"excerpt":{"rendered":"<p>La Compa\u00f1\u00eda Real Holandesa de Aviaci\u00f3n KLM comenz\u00f3 a conectar a \u2018La Heroica\u2019 con Europa y el mundo 6 veces por semana en un vuelo directo desde el aeropuerto internacional Rafael N\u00fa\u00f1ez de Cartagena al hub de \u00c1msterdam-Schiphol. \u201cCon este sexto vuelo entre Bogot\u00e1 &#8211; Cartagena y \u00c1msterdam, KLM cumple la promesa que nuestro fundador, Albert Plesman, hizo hace 100 a\u00f1os: conectar al mundo entero a trav\u00e9s del oc\u00e9ano del cielo. El aumento de nuestra oferta de vuelos en la ruta reafirma la ambici\u00f3n de KLM de seguir creciendo en&#8230; <\/p>\n","protected":false},"author":3,"featured_media":33174,"comment_status":"open","ping_status":"closed","sticky":false,"template":"","format":"standard","meta":{"footnotes":"","_links_to":"","_links_to_target":""},"categories":[3,75,52],"tags":[],"class_list":["post-33173","post","type-post","status-publish","format-standard","has-post-thumbnail","hentry","category-ciudad","category-destacada","category-puerto"],"_links":{"self":[{"href":"https:\/\/revistazetta.com\/index.php?rest_route=\/wp\/v2\/posts\/33173","targetHints":{"allow":["GET"]}}],"collection":[{"href":"https:\/\/revistazetta.com\/index.php?rest_route=\/wp\/v2\/posts"}],"about":[{"href":"https:\/\/revistazetta.com\/index.php?rest_route=\/wp\/v2\/types\/post"}],"author":[{"embeddable":true,"href":"https:\/\/revistazetta.com\/index.php?rest_route=\/wp\/v2\/users\/3"}],"replies":[{"embeddable":true,"href":"https:\/\/revistazetta.com\/index.php?rest_route=%2Fwp%2Fv2%2Fcomments&post=33173"}],"version-history":[{"count":0,"href":"https:\/\/revistazetta.com\/index.php?rest_route=\/wp\/v2\/posts\/33173\/revisions"}],"wp:featuredmedia":[{"embeddable":true,"href":"https:\/\/revistazetta.com\/index.php?rest_route=\/wp\/v2\/media\/33174"}],"wp:attachment":[{"href":"https:\/\/revistazetta.com\/index.php?rest_route=%2Fwp%2Fv2%2Fmedia&parent=33173"}],"wp:term":[{"taxonomy":"category","embeddable":true,"href":"https:\/\/revistazetta.com\/index.php?rest_route=%2Fwp%2Fv2%2Fcategories&post=33173"},{"taxonomy":"post_tag","embeddable":true,"href":"https:\/\/revistazetta.com\/index.php?rest_route=%2Fwp%2Fv2%2Ftags&post=33173"}],"curies":[{"name":"wp","href":"https:\/\/api.w.org\/{rel}","templated":true}]}}