{"id":33183,"date":"2019-11-03T08:24:58","date_gmt":"2019-11-03T13:24:58","guid":{"rendered":"http:\/\/www.revistazetta.com\/?p=33183"},"modified":"2019-11-03T08:24:58","modified_gmt":"2019-11-03T13:24:58","slug":"fe-alegria-asume-operacion-del-cdi-flor-del-campo","status":"publish","type":"post","link":"https:\/\/revistazetta.com\/?p=33183","title":{"rendered":"Fe y Alegr\u00eda asume operaci\u00f3n del CDI de Flor del Campo"},"content":{"rendered":"<p>La organizaci\u00f3n Fe y Alegr\u00eda recibi\u00f3 del Distrito y el Instituto Colombiano de Bienestar Familiar (ICBF) el Centro de Desarrollo Infantil (CDI) de Flor del Campo que presta atenci\u00f3n a m\u00e1s de 200 menores de este sector de Cartagena.<br \/>\nSer\u00e1n 210 ni\u00f1os los que recibir\u00e1n atenci\u00f3n, as\u00ed: 200 de 2 a 5 a\u00f1os y 10 de salacuna. En este primer mes ser\u00e1 de adaptaci\u00f3n, conocimiento y posteriormente se podr\u00e1n en marcha los programas establecidos.<br \/>\nEste CDI cuenta con espacios para la atenci\u00f3n, tales como diez aulas para desarrollo integral, aula l\u00fadica, aula m\u00faltiple, cocina, comedor, cubierta.<br \/>\nTambi\u00e9n, zonas deportivas y de juegos, tanque subterr\u00e1neo para agua potable y contraincendios, \u00e1rea de eventos con cubierta de \u00edndole paisaj\u00edstico, senderos peatonales, cerramiento tubular de la obra, control de acceso de veh\u00edculos y peatones.<\/p>\n<p><img loading=\"lazy\" decoding=\"async\" class=\"size-medium wp-image-33185 aligncenter\" src=\"https:\/\/www.revistazetta.com\/wp-content\/uploads\/2019\/11\/flor-2-300x200.jpeg\" alt=\"\" width=\"300\" height=\"200\" \/><\/p>\n<p>\u00abEs un acto muy especial y significativo poder entregar la operaci\u00f3n de este CDI a Fe y Alegr\u00eda porque nos da la seguridad y confianza de que es una entidad responsable y con todo el compromiso de sacar adelante este proyecto de gran importancia para Cartagena\u00bb, dijo el alcalde, Pedrito Pereira Caballero.<br \/>\nRecord\u00f3 que el pasado 1 de junio, d\u00eda del cumplea\u00f1os de Cartagena, estuvo en este lugar mirando la finalizaci\u00f3n de la obra, con una comunidad feliz.<br \/>\n\u201cEste inmueble estaba abandonado desde 2008 y algunas familias de hermanos venezolanos lo ten\u00edan invadido y se hab\u00eda convertido en otra obra m\u00e1s que presentaba la desidia e inestabilidad administrativa en Cartagena. Este CDI, esperado por varios a\u00f1os, pudimos sacarlo adelante en este encargo con el apoyo de la Secretar\u00eda General, Edurbe, el ICBF y el Distrito. No solo era dotarlo, sino a ponerlo a funcionar\u201d, indic\u00f3.<br \/>\nAgradeci\u00f3 todo el apoyo en esta gesti\u00f3n por parte del ICBF y a Fe y Alegr\u00eda que comienza la operaci\u00f3n. \u201cFueron meses de luchas intensas y luego de una revisi\u00f3n minuciosa, hoy puedan ver un gran lugar donde nuestros ni\u00f1os van a disfrutar y crecer sanamente\u201d.<br \/>\nLa alegr\u00eda de los ni\u00f1os, sus rostros que dibujan la felicidad, el abrazo que efusivamente dan es la mayor alegr\u00eda que como gobernante puedo tener. \u201cLa felicidad de los ni\u00f1os es lo que nos motiva a seguir adelante y sacar este proyecto\u201d.<br \/>\nPor otro lado, el Alcalde dijo que se trabaja intensamente para culminar cuanto antes el CDI de Villas de Aranjuez y poderlo entregar antes que acabe el gobierno para el disfrute de nuestro ni\u00f1os.<br \/>\nEl mandatario tambi\u00e9n agradeci\u00f3 la gesti\u00f3n que ha tenido la gestora Social del Distrito. \u201cGracias Eli por toda tu dedicaci\u00f3n en este y todos los proyectos que se viene trabajando. Esta obra ser\u00e1 una de las que llevaremos en el coraz\u00f3ny en el recuerdo\u201d, puntualiz\u00f3.<br \/>\n\u00abVali\u00f3 la pena la espera\u00bb: Directora ICBF<br \/>\nJuliana Pungiluppi, directora del ICBF, hizo un enorme reconocimiento a la gesti\u00f3n adelantada por el Distrito, en cabeza del alcalde Pedrito Pereira Caballero.<br \/>\n\u00abVali\u00f3 la pena la espera. He inaugurado muchos CDI en el pa\u00eds y este es una muy especial, esta no es cualquier inauguraci\u00f3n, este tiene un componente muy marcado como es el agradecimiento y esto se debe a los antecedentes que se tuvieron para su construcci\u00f3n. Cuando las cosas son tan luchadas se m\u00e1s valoradas y este lo van a ciudar mucho m\u00e1s\u00bb, dijo la funcionaria.<br \/>\nDestac\u00f3 el trabajo que durante mucho tiempo ha desarrollado. As\u00ed mismo, Alicia, una l\u00edder de este barrio, asegur\u00f3 que no permitir\u00e1 que a este CDI le pase nada. Se necesita ejercer el control social.<br \/>\nAl operador le pidi\u00f3 dar lo mejor de s\u00ed para sacar adelante este proyecto tan importante para Cartagena, siempre dando los mejores est\u00e1ndares de calidad.<\/p>\n","protected":false},"excerpt":{"rendered":"<p>La organizaci\u00f3n Fe y Alegr\u00eda recibi\u00f3 del Distrito y el Instituto Colombiano de Bienestar Familiar (ICBF) el Centro de Desarrollo Infantil (CDI) de Flor del Campo que presta atenci\u00f3n a m\u00e1s de 200 menores de este sector de Cartagena. Ser\u00e1n 210 ni\u00f1os los que recibir\u00e1n atenci\u00f3n, as\u00ed: 200 de 2 a 5 a\u00f1os y 10 de salacuna. En este primer mes ser\u00e1 de adaptaci\u00f3n, conocimiento y posteriormente se podr\u00e1n en marcha los programas establecidos. Este CDI cuenta con espacios para la atenci\u00f3n, tales como diez aulas para desarrollo integral, aula&#8230; <\/p>\n","protected":false},"author":3,"featured_media":33184,"comment_status":"open","ping_status":"closed","sticky":false,"template":"","format":"standard","meta":{"footnotes":"","_links_to":"","_links_to_target":""},"categories":[75,86,32],"tags":[],"class_list":["post-33183","post","type-post","status-publish","format-standard","has-post-thumbnail","hentry","category-destacada","category-comunidad","category-actualidad-distrito"],"_links":{"self":[{"href":"https:\/\/revistazetta.com\/index.php?rest_route=\/wp\/v2\/posts\/33183","targetHints":{"allow":["GET"]}}],"collection":[{"href":"https:\/\/revistazetta.com\/index.php?rest_route=\/wp\/v2\/posts"}],"about":[{"href":"https:\/\/revistazetta.com\/index.php?rest_route=\/wp\/v2\/types\/post"}],"author":[{"embeddable":true,"href":"https:\/\/revistazetta.com\/index.php?rest_route=\/wp\/v2\/users\/3"}],"replies":[{"embeddable":true,"href":"https:\/\/revistazetta.com\/index.php?rest_route=%2Fwp%2Fv2%2Fcomments&post=33183"}],"version-history":[{"count":0,"href":"https:\/\/revistazetta.com\/index.php?rest_route=\/wp\/v2\/posts\/33183\/revisions"}],"wp:featuredmedia":[{"embeddable":true,"href":"https:\/\/revistazetta.com\/index.php?rest_route=\/wp\/v2\/media\/33184"}],"wp:attachment":[{"href":"https:\/\/revistazetta.com\/index.php?rest_route=%2Fwp%2Fv2%2Fmedia&parent=33183"}],"wp:term":[{"taxonomy":"category","embeddable":true,"href":"https:\/\/revistazetta.com\/index.php?rest_route=%2Fwp%2Fv2%2Fcategories&post=33183"},{"taxonomy":"post_tag","embeddable":true,"href":"https:\/\/revistazetta.com\/index.php?rest_route=%2Fwp%2Fv2%2Ftags&post=33183"}],"curies":[{"name":"wp","href":"https:\/\/api.w.org\/{rel}","templated":true}]}}