{"id":33186,"date":"2019-11-05T16:21:41","date_gmt":"2019-11-05T21:21:41","guid":{"rendered":"http:\/\/www.revistazetta.com\/?p=33186"},"modified":"2019-11-05T16:21:41","modified_gmt":"2019-11-05T21:21:41","slug":"bolivar-avanza-comenzo-entregar-gobierno-bolivar-primero","status":"publish","type":"post","link":"https:\/\/revistazetta.com\/?p=33186","title":{"rendered":"Bol\u00edvar S\u00ed Avanza comenz\u00f3 a entregar gobierno a Bol\u00edvar Primero"},"content":{"rendered":"<p>Se inici\u00f3 formalmente la transici\u00f3n del Bol\u00edvar S\u00ed Avanza al Bol\u00edvar Primero, al\u00a0instalarse la comisi\u00f3n de empalme por parte del gobernador Dumek Turbay y el gobernador electo Vicente Blel Scaff.<\/p>\n<p>En el Centro Administrativo Distrital comenz\u00f3 a operar el equipo de entrega de informaci\u00f3n, encabezado por la secretaria de Planeaci\u00f3n, Mery Luz Londo\u00f1o, y la jefe del equipo de empalme del nuevo gobierno, Roxana Segovia Brid.<\/p>\n<p>&nbsp;<\/p>\n<p>&nbsp;<\/p>\n","protected":false},"excerpt":{"rendered":"<p>Se inici\u00f3 formalmente la transici\u00f3n del Bol\u00edvar S\u00ed Avanza al Bol\u00edvar Primero, al\u00a0instalarse la comisi\u00f3n de empalme por parte del gobernador Dumek Turbay y el gobernador electo Vicente Blel Scaff. En el Centro Administrativo Distrital comenz\u00f3 a operar el equipo de entrega de informaci\u00f3n, encabezado por la secretaria de Planeaci\u00f3n, Mery Luz Londo\u00f1o, y la jefe del equipo de empalme del nuevo gobierno, Roxana Segovia Brid. &nbsp; &nbsp;<\/p>\n","protected":false},"author":3,"featured_media":33187,"comment_status":"open","ping_status":"closed","sticky":false,"template":"","format":"standard","meta":{"footnotes":"","_links_to":"","_links_to_target":""},"categories":[75,80],"tags":[],"class_list":["post-33186","post","type-post","status-publish","format-standard","has-post-thumbnail","hentry","category-destacada","category-region"],"_links":{"self":[{"href":"https:\/\/revistazetta.com\/index.php?rest_route=\/wp\/v2\/posts\/33186","targetHints":{"allow":["GET"]}}],"collection":[{"href":"https:\/\/revistazetta.com\/index.php?rest_route=\/wp\/v2\/posts"}],"about":[{"href":"https:\/\/revistazetta.com\/index.php?rest_route=\/wp\/v2\/types\/post"}],"author":[{"embeddable":true,"href":"https:\/\/revistazetta.com\/index.php?rest_route=\/wp\/v2\/users\/3"}],"replies":[{"embeddable":true,"href":"https:\/\/revistazetta.com\/index.php?rest_route=%2Fwp%2Fv2%2Fcomments&post=33186"}],"version-history":[{"count":0,"href":"https:\/\/revistazetta.com\/index.php?rest_route=\/wp\/v2\/posts\/33186\/revisions"}],"wp:featuredmedia":[{"embeddable":true,"href":"https:\/\/revistazetta.com\/index.php?rest_route=\/wp\/v2\/media\/33187"}],"wp:attachment":[{"href":"https:\/\/revistazetta.com\/index.php?rest_route=%2Fwp%2Fv2%2Fmedia&parent=33186"}],"wp:term":[{"taxonomy":"category","embeddable":true,"href":"https:\/\/revistazetta.com\/index.php?rest_route=%2Fwp%2Fv2%2Fcategories&post=33186"},{"taxonomy":"post_tag","embeddable":true,"href":"https:\/\/revistazetta.com\/index.php?rest_route=%2Fwp%2Fv2%2Ftags&post=33186"}],"curies":[{"name":"wp","href":"https:\/\/api.w.org\/{rel}","templated":true}]}}