{"id":33198,"date":"2019-11-09T14:11:50","date_gmt":"2019-11-09T19:11:50","guid":{"rendered":"http:\/\/www.revistazetta.com\/?p=33198"},"modified":"2019-11-09T14:11:50","modified_gmt":"2019-11-09T19:11:50","slug":"la-apoteosis-juan-camilo-juan-jose-romero","status":"publish","type":"post","link":"https:\/\/revistazetta.com\/?p=33198","title":{"rendered":"La apoteosis de Juan Camilo &#8211; Por Juan Jos\u00e9 Romero"},"content":{"rendered":"<p><span style=\"color: #0000ff;\"><strong>Por Juan Jos\u00e9 Romero Parra (Especial para Revista Zetta).-<\/strong> <\/span>\u00a0Muere un gran ser humano y nace una leyenda.<\/p>\n<p><img loading=\"lazy\" decoding=\"async\" class=\"size-medium wp-image-33197 alignright\" src=\"https:\/\/www.revistazetta.com\/wp-content\/uploads\/2019\/11\/Juan-Jos\u00e9-Romero-Parra-225x300.jpg\" alt=\"\" width=\"225\" height=\"300\" \/>Hace un mes los medios registraron la noticia del absurdo accidente automovil\u00edstico que trunc\u00f3 tus sue\u00f1os y seg\u00f3 tu tr\u00e1nsito por este mundo, JUAN CAMILO ROMERO L\u00d3PEZ. La sombra de tus errores y desaciertos se desvanece con el esplendor de tus realizaciones y la magnitud de esa obra maravillosa que fuiste construyendo en cada uno de quienes nos relacionamos contigo, empezando por tu familia.<\/p>\n<p>Los ideales de justicia social, heredado de los ancestros, fueron el norte que marc\u00f3 el rumbo de tus pasos hacia los caminos de la Pol\u00edtica (un oc\u00e9ano plagado de toda clase de espec\u00edmenes) donde el ejercicio filos\u00f3fico de Arist\u00f3teles, cuando designa al ser humano como \u201cAnimal pol\u00edtico\u201d se ha desvirtuado.<\/p>\n<p>No resulta f\u00e1cil distinguir entre amigos y enemigos, como en el teatro griego \u2013la puesta en escena se realizaba con m\u00e1scaras- de tal forma que es dif\u00edcil advertir con qui\u00e9n estabas tratando. Alma grande que super\u00f3 el 1. 87 de estatura que te enorgullec\u00eda, albergaba un coraz\u00f3n inmenso que nunca quiso detenerse en las minucias del rencor; no hubo cabida para el odio.<\/p>\n<p>Detractores y enemigos gratuitos siempre recibieron tu mano franca y sincera, dispuesta a la reconciliaci\u00f3n. Por tal motivo, siempre ilumin\u00f3 tu cara, de ni\u00f1o bueno y travieso, esa sonrisa que s\u00f3lo la envidiosa y vil muerte quiso arrebatarte. Pero no tuvo tiempo, porque estoy convencido, siendo tu progenitor, me honraste con la responsabilidad de ser tu confidente, consejero y AMIGO; al llorar tu partida tan inesperada, al lado de Cecilia \u2013madre inconsolable- Laura \u2013hermana y c\u00f3mplice- y Pablo \u2013tu cu\u00f1ado del primer Mundo- como lloran aquellos a quienes les iluminaste la existencia con ese esp\u00edritu bondadoso que irradiaba alegr\u00eda, exaltando el goce de vivir y vivir bien. Matizado con el buen humor y la picard\u00eda heredada de la provincia soplavientera que tanto amaste.<\/p>\n<blockquote><p><strong>JUAN CAMILO, tu siembra cay\u00f3 en la tierra buena que habla la par\u00e1bola. Sabemos que ahora vives para Dios. A quienes te amamos nos resultar\u00e1 imposible olvidarte, sobrellevamos la tristeza de tu ausencia f\u00edsica y la nostalgia de saber que no podemos contar contigo para las cosas de este mundo. Desde la Fe en el DIOS VIVO, sabemos que \u201cvives para Dios\u201d<\/strong><\/p><\/blockquote>\n<p>Aqu\u00ed es cuando se concretiza la leyenda de todo cuanto inspiraste en tantos corazones, quienes a\u00f1oramos que en cuanto termine nuestro tr\u00e1nsito por este mundo, nos encontremos de nuevo \u201cen ese Reino que tendr\u00e1 un cielo nuevo y una tierra nueva\u201d.<\/p>\n<p>Descansa en paz. Ahora recuerdo que en alguna de nuestras interminables tertulias, bajo la sombra de los palos de mango, en el patio de la casa del Campestre, concluimos que \u201cse despide quien no quiere irse, ni est\u00e1 preparado para irse\u201d. Y t\u00fa, te preparaste. Tu acto de amor hacia tu familia y amigos fue muy digno: durante tus \u00faltimos diez meses y diez d\u00edas con tus detalles nos alegraste la vida, dej\u00e1ndonos conocer esa faceta de descubrir que si se puede ser un mejor ser humano, una mejor persona, cerrando ciclos y abriendo las puertas de la eternidad.<\/p>\n<p>\u201cNadie puede vivir sin poes\u00eda\u00bb le escuch\u00e9 decir a alguien que a\u00fan se anima a declamar poemas. T\u00fa fuiste nuestro mejor poema, t\u00fa eres poes\u00eda. M\u00e1s all\u00e1 de los versos de NERUDA o los Poemas del Barrio de tu t\u00edo Bernardo. Te r\u00edes de los resultados de las \u00faltimas elecciones regionales \u2013como te contempl\u00f3 la Turca Diana en su sue\u00f1o insomne- y entonas, muy afinado, las estrofas de un Canto Celestial, que disfrutaremos en el Banquete del Padre Eterno, al final de los tiempos.<\/p>\n<blockquote><p><strong>Descansa en paz,\u201d VAMOS PA LANTE,\u00a0 JUAN CAMILO\u201d. Hijo m\u00edo, amigo m\u00edo, amigo de todos.<\/strong><\/p><\/blockquote>\n<p>Cartagena, 8 \u00a0NOVIEMBRE \u00a02019<\/p>\n<p><strong>JUAN JOS\u00c9 ROMERO PARRA.<\/strong><\/p>\n<p>Licenciado en Ciencias Religiosas. Especialista en\u00a0 Pedagog\u00eda y \u00c9tica.<\/p>\n<p>jjromeroparra@hotmail.com<\/p>\n<p>&nbsp;<\/p>\n<p>&nbsp;<\/p>\n","protected":false},"excerpt":{"rendered":"<p>Por Juan Jos\u00e9 Romero Parra (Especial para Revista Zetta).- \u00a0Muere un gran ser humano y nace una leyenda. Hace un mes los medios registraron la noticia del absurdo accidente automovil\u00edstico que trunc\u00f3 tus sue\u00f1os y seg\u00f3 tu tr\u00e1nsito por este mundo, JUAN CAMILO ROMERO L\u00d3PEZ. La sombra de tus errores y desaciertos se desvanece con el esplendor de tus realizaciones y la magnitud de esa obra maravillosa que fuiste construyendo en cada uno de quienes nos relacionamos contigo, empezando por tu familia. Los ideales de justicia social, heredado de los&#8230; <\/p>\n","protected":false},"author":3,"featured_media":33193,"comment_status":"open","ping_status":"closed","sticky":false,"template":"","format":"standard","meta":{"footnotes":"","_links_to":"","_links_to_target":""},"categories":[2,75],"tags":[],"class_list":["post-33198","post","type-post","status-publish","format-standard","has-post-thumbnail","hentry","category-actualidad","category-destacada"],"_links":{"self":[{"href":"https:\/\/revistazetta.com\/index.php?rest_route=\/wp\/v2\/posts\/33198","targetHints":{"allow":["GET"]}}],"collection":[{"href":"https:\/\/revistazetta.com\/index.php?rest_route=\/wp\/v2\/posts"}],"about":[{"href":"https:\/\/revistazetta.com\/index.php?rest_route=\/wp\/v2\/types\/post"}],"author":[{"embeddable":true,"href":"https:\/\/revistazetta.com\/index.php?rest_route=\/wp\/v2\/users\/3"}],"replies":[{"embeddable":true,"href":"https:\/\/revistazetta.com\/index.php?rest_route=%2Fwp%2Fv2%2Fcomments&post=33198"}],"version-history":[{"count":0,"href":"https:\/\/revistazetta.com\/index.php?rest_route=\/wp\/v2\/posts\/33198\/revisions"}],"wp:featuredmedia":[{"embeddable":true,"href":"https:\/\/revistazetta.com\/index.php?rest_route=\/wp\/v2\/media\/33193"}],"wp:attachment":[{"href":"https:\/\/revistazetta.com\/index.php?rest_route=%2Fwp%2Fv2%2Fmedia&parent=33198"}],"wp:term":[{"taxonomy":"category","embeddable":true,"href":"https:\/\/revistazetta.com\/index.php?rest_route=%2Fwp%2Fv2%2Fcategories&post=33198"},{"taxonomy":"post_tag","embeddable":true,"href":"https:\/\/revistazetta.com\/index.php?rest_route=%2Fwp%2Fv2%2Ftags&post=33198"}],"curies":[{"name":"wp","href":"https:\/\/api.w.org\/{rel}","templated":true}]}}