{"id":33206,"date":"2019-11-13T05:53:07","date_gmt":"2019-11-13T10:53:07","guid":{"rendered":"http:\/\/www.revistazetta.com\/?p=33206"},"modified":"2019-11-13T05:53:07","modified_gmt":"2019-11-13T10:53:07","slug":"este-jueves-14-noviembre-presentacion-afrobros-tavo-dj-dj-mansang","status":"publish","type":"post","link":"https:\/\/revistazetta.com\/?p=33206","title":{"rendered":"Este jueves 14 de noviembre, presentaci\u00f3n de Afrobros, Tavo DJ &#038; DJ Mansang"},"content":{"rendered":"<div><span style=\"font-family: arial, sans-serif;\">Selina Cartagena recibir\u00e1 en sus instalaciones una cuarteto de artistas que abrir\u00e1n con sus sonidos, la \u00e9poca m\u00e1s esperada: vacaciones de fin de a\u00f1o. Para celebrar, en el Rooftop del lugar, se presentar\u00e1n este 14 de noviembre:\u00a0<\/span><\/div>\n<div><span style=\"font-family: arial, sans-serif;\">\u00a0<\/span><\/div>\n<div><span style=\"color: #000000; font-family: arial, sans-serif;\"><b>Afro Bros<\/b>, la dupla de DJs provenientes de Holanda que en sus 10 a\u00f1os de experiencia, han logrado posicionar sus beats dejando gran huella especialmente en g\u00e9neros urbanos y \u00faltimamente\u00a0latinos. Desde su participaci\u00f3n en eventos y fiestas en los Pa\u00edses Bajos han generado un grupo de fans que se han dejado impregnar por sus sonidos \u00fanicos.\u00a0<\/span><\/div>\n<div><\/div>\n<div>Reggaet\u00f3n, DanceHall y Afrobeat son los g\u00e9neros en los que se han sabido desenvolver, dando como resultado, canciones\/hits como:\u00a0 <b>X<\/b> (Con J Balvin y Nicky Jam); <b>18 plus<\/b>; <b>Push; Dame tu cosita<\/b> (Pitbull y Karol G); <b>Buk y Pacul<\/b>, que seguro pondr\u00e1n a bailar a m\u00e1s de uno.<\/div>\n<div><\/div>\n<div>Acompa\u00f1\u00e1ndolos estar\u00e1n DJ Tavo y DJ mansang trayendo m\u00e1s sonidos afro, Latin House, Afro House, Moombahton, House y Urban para esta noche de rumba en Cartagena.<\/div>\n<div><\/div>\n","protected":false},"excerpt":{"rendered":"<p>Selina Cartagena recibir\u00e1 en sus instalaciones una cuarteto de artistas que abrir\u00e1n con sus sonidos, la \u00e9poca m\u00e1s esperada: vacaciones de fin de a\u00f1o. Para celebrar, en el Rooftop del lugar, se presentar\u00e1n este 14 de noviembre:\u00a0 \u00a0 Afro Bros, la dupla de DJs provenientes de Holanda que en sus 10 a\u00f1os de experiencia, han logrado posicionar sus beats dejando gran huella especialmente en g\u00e9neros urbanos y \u00faltimamente\u00a0latinos. Desde su participaci\u00f3n en eventos y fiestas en los Pa\u00edses Bajos han generado un grupo de fans que se han dejado impregnar&#8230; <\/p>\n","protected":false},"author":3,"featured_media":33207,"comment_status":"open","ping_status":"closed","sticky":false,"template":"","format":"standard","meta":{"footnotes":"","_links_to":"","_links_to_target":""},"categories":[41,43],"tags":[],"class_list":["post-33206","post","type-post","status-publish","format-standard","has-post-thumbnail","hentry","category-cultura","category-cultura-musica"],"_links":{"self":[{"href":"https:\/\/revistazetta.com\/index.php?rest_route=\/wp\/v2\/posts\/33206","targetHints":{"allow":["GET"]}}],"collection":[{"href":"https:\/\/revistazetta.com\/index.php?rest_route=\/wp\/v2\/posts"}],"about":[{"href":"https:\/\/revistazetta.com\/index.php?rest_route=\/wp\/v2\/types\/post"}],"author":[{"embeddable":true,"href":"https:\/\/revistazetta.com\/index.php?rest_route=\/wp\/v2\/users\/3"}],"replies":[{"embeddable":true,"href":"https:\/\/revistazetta.com\/index.php?rest_route=%2Fwp%2Fv2%2Fcomments&post=33206"}],"version-history":[{"count":0,"href":"https:\/\/revistazetta.com\/index.php?rest_route=\/wp\/v2\/posts\/33206\/revisions"}],"wp:featuredmedia":[{"embeddable":true,"href":"https:\/\/revistazetta.com\/index.php?rest_route=\/wp\/v2\/media\/33207"}],"wp:attachment":[{"href":"https:\/\/revistazetta.com\/index.php?rest_route=%2Fwp%2Fv2%2Fmedia&parent=33206"}],"wp:term":[{"taxonomy":"category","embeddable":true,"href":"https:\/\/revistazetta.com\/index.php?rest_route=%2Fwp%2Fv2%2Fcategories&post=33206"},{"taxonomy":"post_tag","embeddable":true,"href":"https:\/\/revistazetta.com\/index.php?rest_route=%2Fwp%2Fv2%2Ftags&post=33206"}],"curies":[{"name":"wp","href":"https:\/\/api.w.org\/{rel}","templated":true}]}}