{"id":33212,"date":"2019-11-13T06:10:47","date_gmt":"2019-11-13T11:10:47","guid":{"rendered":"http:\/\/www.revistazetta.com\/?p=33212"},"modified":"2019-11-13T06:10:47","modified_gmt":"2019-11-13T11:10:47","slug":"aprobado-segundo-debate-proyecto-ley-honores-operacion-jaque","status":"publish","type":"post","link":"https:\/\/revistazetta.com\/?p=33212","title":{"rendered":"Aprobado en segundo debate proyecto de Ley de honores por Operaci\u00f3n Jaque"},"content":{"rendered":"<p>En segundo debate fue aprobado en Plenaria de Senado el proyecto de Ley que busca\u00a0rendir un homenaje p\u00fablico a los miembros de las Fuerzas Militares en conmemoraci\u00f3n a los 10 a\u00f1os de la exitosa\u00a0Operaci\u00f3n\u00a0Jaque\u00a0ejecutada el 2 de julio del 2008, con la cual el Estado logr\u00f3 la libertad de 12 personas, entre nacionales y extranjeras, quienes se encontraban secuestradas por las FARC-EP durante m\u00e1s de una d\u00e9cada.<\/p>\n<p>La Naci\u00f3n al vincularse a este homenaje, institucionaliza el d\u00eda de la Valent\u00eda Patria, durante el cual las autoridades administrativas del nivel nacional y local destacar\u00e1n a los ciudadanos que hayan actuado de manera valiente y leal en favor a las instituciones democr\u00e1ticas y de derecho del Estado colombiano.<\/p>\n<p>Tambi\u00e9n, se invita a los colegios de preescolar, primaria y bachillerato, p\u00fablicos o privados, para que realicen una jornada de izada de bandera, para otorgar dicho reconocimiento a los estudiantes que act\u00faen con valent\u00eda y lealtad en favor de los programas educativos de cada instituci\u00f3n. Por su parte, el Gobierno Nacional deber\u00e1 crear una insignia conmemorativa para los miembros de las Fuerzas Armadas la cual se otorgar\u00e1 a estos por sus acciones valientes y leales en favor de la seguridad de la Naci\u00f3n.<\/p>\n<p>Fue aprobada la creaci\u00f3n de una beca de formaci\u00f3n para los miembros de las FFAA del sector inteligencia; tambi\u00e9n, se autoriza que la proxima emisi\u00f3n de una moneda o billete se haga en homenaje a los h\u00e9roes de la Patria. Al proyecto de autor\u00eda del senador Fernando Nicol\u00e1s Ara\u00fajo en coautor\u00eda con la bancada del Centro Democr\u00e1tico y ponencia positiva de la senadora Paola Holgu\u00edn le esperan dos debates en C\u00e1mara para convertirse en ley de la Rep\u00fablica.<\/p>\n","protected":false},"excerpt":{"rendered":"<p>En segundo debate fue aprobado en Plenaria de Senado el proyecto de Ley que busca\u00a0rendir un homenaje p\u00fablico a los miembros de las Fuerzas Militares en conmemoraci\u00f3n a los 10 a\u00f1os de la exitosa\u00a0Operaci\u00f3n\u00a0Jaque\u00a0ejecutada el 2 de julio del 2008, con la cual el Estado logr\u00f3 la libertad de 12 personas, entre nacionales y extranjeras, quienes se encontraban secuestradas por las FARC-EP durante m\u00e1s de una d\u00e9cada. La Naci\u00f3n al vincularse a este homenaje, institucionaliza el d\u00eda de la Valent\u00eda Patria, durante el cual las autoridades administrativas del nivel nacional&#8230; <\/p>\n","protected":false},"author":3,"featured_media":33213,"comment_status":"open","ping_status":"closed","sticky":false,"template":"","format":"standard","meta":{"footnotes":"","_links_to":"","_links_to_target":""},"categories":[2,75,35],"tags":[],"class_list":["post-33212","post","type-post","status-publish","format-standard","has-post-thumbnail","hentry","category-actualidad","category-destacada","category-actualidad-nacion"],"_links":{"self":[{"href":"https:\/\/revistazetta.com\/index.php?rest_route=\/wp\/v2\/posts\/33212","targetHints":{"allow":["GET"]}}],"collection":[{"href":"https:\/\/revistazetta.com\/index.php?rest_route=\/wp\/v2\/posts"}],"about":[{"href":"https:\/\/revistazetta.com\/index.php?rest_route=\/wp\/v2\/types\/post"}],"author":[{"embeddable":true,"href":"https:\/\/revistazetta.com\/index.php?rest_route=\/wp\/v2\/users\/3"}],"replies":[{"embeddable":true,"href":"https:\/\/revistazetta.com\/index.php?rest_route=%2Fwp%2Fv2%2Fcomments&post=33212"}],"version-history":[{"count":0,"href":"https:\/\/revistazetta.com\/index.php?rest_route=\/wp\/v2\/posts\/33212\/revisions"}],"wp:featuredmedia":[{"embeddable":true,"href":"https:\/\/revistazetta.com\/index.php?rest_route=\/wp\/v2\/media\/33213"}],"wp:attachment":[{"href":"https:\/\/revistazetta.com\/index.php?rest_route=%2Fwp%2Fv2%2Fmedia&parent=33212"}],"wp:term":[{"taxonomy":"category","embeddable":true,"href":"https:\/\/revistazetta.com\/index.php?rest_route=%2Fwp%2Fv2%2Fcategories&post=33212"},{"taxonomy":"post_tag","embeddable":true,"href":"https:\/\/revistazetta.com\/index.php?rest_route=%2Fwp%2Fv2%2Ftags&post=33212"}],"curies":[{"name":"wp","href":"https:\/\/api.w.org\/{rel}","templated":true}]}}