{"id":33214,"date":"2019-11-13T06:19:39","date_gmt":"2019-11-13T11:19:39","guid":{"rendered":"http:\/\/www.revistazetta.com\/?p=33214"},"modified":"2019-11-13T06:19:39","modified_gmt":"2019-11-13T11:19:39","slug":"se-acerca-primer-encuentro-del-cluster-petroquimico-plastico-cartagena-bolivar-2019","status":"publish","type":"post","link":"https:\/\/revistazetta.com\/?p=33214","title":{"rendered":"Se acerca Primer Encuentro del Cl\u00faster Petroqu\u00edmico Pl\u00e1stico de Cartagena y Bol\u00edvar 2019"},"content":{"rendered":"<p><em>El Cl\u00faster Petroqu\u00edmico y Pl\u00e1stico de Cartagena y Bol\u00edvar, a trav\u00e9s de la C\u00e1mara de Comercio de Cartagena y las empresas Reficar, Esenttia, Cabot, Yara, Contecar, Andercol, Puerto Bah\u00eda, Ajover, Zona Franca Parque Central, Dow Qu\u00edmica y AmSty, extienden a todos los actores de la industria Petroqu\u00edmica Pl\u00e1stica de la ciudad, la invitaci\u00f3n para conocer los proyectos e iniciativas que apuntan a convertir el cl\u00faster en l\u00edder en Colombia y en la regi\u00f3n, en un evento que se har\u00e1 el 26 de noviembre, en la Universidad de los Andes Sede Caribe (Direcci\u00f3n: Km 8 V\u00eda al Mar, Serena del Mar).<\/em><\/p>\n<p><em><strong>\u201cA este Primer Encuentro del Cl\u00faster Petroqu\u00edmico Pl\u00e1stico de Cartagena y Bol\u00edvar 2019<\/strong><\/em><em>, Promoviendo el desarrollo competitivo del sector industrial de Cartagena y Bol\u00edvar, esperamos la participaci\u00f3n de representantes de <strong>l<\/strong>a academia, empresarios, inversionistas, instituciones, gremios y, en general, a toda la red de actores e interesados del sector\u201d, expres\u00f3 Juan Pablo V\u00e9lez Castellanos, presidente Ejecutivo (e), de la C\u00e1mara de Comercio de Cartagena.<\/em><\/p>\n<p><em>Se\u00f1al\u00f3, adem\u00e1s, que, en el evento, los asistentes conocer\u00e1n la estrategia del Cl\u00faster, los avances en los proyectos derivados de los pilares estrat\u00e9gicos: Sostenibilidad, Ambiente de Negocios, Talento Humano, Fortalecimiento Empresarial y Desarrollo de Proveedores; las ganancias tempranas del 2019, las tendencias de la industria y los retos para el 2020. <\/em><\/p>\n<p><em>La agenda incluye importantes conferencias, entre las que se encuentra: <strong>\u00bfC\u00f3mo integrar los Objetivos de Desarrollo Sostenible en la estrategia de negocio?<\/strong>, liderada por <\/em>Jos\u00e9 Miguel Yturralde, fundador de\u00a0YPSILOM, consultora especializada en Desarrollo Sostenible &amp; Responsabilidad Corporativa. Por otro lado, la conferenci \u201cCasos de Uso en la industria utilizando tecnolog\u00edas de informaci\u00f3n 4.0\u201d, liderada por Allan Bachenheimer<strong>, <\/strong>experto de la Organizaci\u00f3n de las Naciones Unidas para el Desarrollo Industrial.<\/p>\n<p>Asimismo, habr\u00e1 un espacio para discutir sobre las acciones espec\u00edficas que adelanta la industria petroqu\u00edmica y pl\u00e1stica en el marco de una estrategia empresarial con enfoque en econom\u00eda circular en Colombia; en este espacio contaremos con la participaci\u00f3n de Joaqu\u00edn Caraballo, director de Waste to Worth LATAM; Alex Saer, del Ministerio de Ambiente y Desarrollo Sostenible y Luis Felipe Barrientos, vicepresidente deescalamiento innovaci\u00f3n de\u00a0iNNpulsa\u00a0Colombia.<\/p>\n<p>La invitaci\u00f3n es para el\u00a0<strong>martes 26 de noviembre de 8:00 a. m. a 12:30 p. m. en <\/strong><em>la Universidad de los Andes Sede Caribe. <\/em>Los cupos son limitados; para m\u00e1s informaci\u00f3n o para inscribirse pueden hacerlo, a trav\u00e9s, del correo: <a href=\"mailto:gacevedo@cccartagena.org.co\">gacevedo@cccartagena.org.co<\/a><\/p>\n","protected":false},"excerpt":{"rendered":"<p>El Cl\u00faster Petroqu\u00edmico y Pl\u00e1stico de Cartagena y Bol\u00edvar, a trav\u00e9s de la C\u00e1mara de Comercio de Cartagena y las empresas Reficar, Esenttia, Cabot, Yara, Contecar, Andercol, Puerto Bah\u00eda, Ajover, Zona Franca Parque Central, Dow Qu\u00edmica y AmSty, extienden a todos los actores de la industria Petroqu\u00edmica Pl\u00e1stica de la ciudad, la invitaci\u00f3n para conocer los proyectos e iniciativas que apuntan a convertir el cl\u00faster en l\u00edder en Colombia y en la regi\u00f3n, en un evento que se har\u00e1 el 26 de noviembre, en la Universidad de los Andes Sede&#8230; <\/p>\n","protected":false},"author":3,"featured_media":33215,"comment_status":"open","ping_status":"closed","sticky":false,"template":"","format":"standard","meta":{"footnotes":"","_links_to":"","_links_to_target":""},"categories":[3,50],"tags":[],"class_list":["post-33214","post","type-post","status-publish","format-standard","has-post-thumbnail","hentry","category-ciudad","category-empresa"],"_links":{"self":[{"href":"https:\/\/revistazetta.com\/index.php?rest_route=\/wp\/v2\/posts\/33214","targetHints":{"allow":["GET"]}}],"collection":[{"href":"https:\/\/revistazetta.com\/index.php?rest_route=\/wp\/v2\/posts"}],"about":[{"href":"https:\/\/revistazetta.com\/index.php?rest_route=\/wp\/v2\/types\/post"}],"author":[{"embeddable":true,"href":"https:\/\/revistazetta.com\/index.php?rest_route=\/wp\/v2\/users\/3"}],"replies":[{"embeddable":true,"href":"https:\/\/revistazetta.com\/index.php?rest_route=%2Fwp%2Fv2%2Fcomments&post=33214"}],"version-history":[{"count":0,"href":"https:\/\/revistazetta.com\/index.php?rest_route=\/wp\/v2\/posts\/33214\/revisions"}],"wp:featuredmedia":[{"embeddable":true,"href":"https:\/\/revistazetta.com\/index.php?rest_route=\/wp\/v2\/media\/33215"}],"wp:attachment":[{"href":"https:\/\/revistazetta.com\/index.php?rest_route=%2Fwp%2Fv2%2Fmedia&parent=33214"}],"wp:term":[{"taxonomy":"category","embeddable":true,"href":"https:\/\/revistazetta.com\/index.php?rest_route=%2Fwp%2Fv2%2Fcategories&post=33214"},{"taxonomy":"post_tag","embeddable":true,"href":"https:\/\/revistazetta.com\/index.php?rest_route=%2Fwp%2Fv2%2Ftags&post=33214"}],"curies":[{"name":"wp","href":"https:\/\/api.w.org\/{rel}","templated":true}]}}