{"id":33216,"date":"2019-11-13T08:10:21","date_gmt":"2019-11-13T13:10:21","guid":{"rendered":"http:\/\/www.revistazetta.com\/?p=33216"},"modified":"2019-11-13T08:10:21","modified_gmt":"2019-11-13T13:10:21","slug":"gran-paso-la-proteccion-pasajeros-aereos","status":"publish","type":"post","link":"https:\/\/revistazetta.com\/?p=33216","title":{"rendered":"Gran paso en la protecci\u00f3n de pasajeros a\u00e9reos"},"content":{"rendered":"<p>En la C\u00e1mara de Representantes se aprob\u00f3 en primer debate el Estatuto de Protecci\u00f3n al Consumidor de Servicios Aeron\u00e1uticos, el primer gran paso en la defensa de miles de pasajeros ante los abusos de las aerol\u00edneas.<\/p>\n<p>Emeterio Montes, representante a la C\u00e1mara por Bol\u00edvar, asegur\u00f3 que con esta iniciativa se asegura el derecho a la compensaci\u00f3n por demoras, cancelaci\u00f3n y son reventa de vuelos, da\u00f1o o retraso en la entrega del equipaje y\u00a0el derecho al retracto por publicidad enga\u00f1osa.<\/p>\n<p>Montes indic\u00f3 que el Estatuto prev\u00e9 la instalaci\u00f3n de puntos de atenci\u00f3n de ventanillas \u00fanicas en donde se simplificar\u00e1n los tr\u00e1mites para interponer quejas y peticiones de los usuarios.<\/p>\n<p>\u00abEstamos trabajando en nuestro compromiso de ponerle freno a los abusos en el sector aeron\u00e1utico\u00bb, afirm\u00f3 Montes de Castro.<\/p>\n<p>&nbsp;<\/p>\n","protected":false},"excerpt":{"rendered":"<p>En la C\u00e1mara de Representantes se aprob\u00f3 en primer debate el Estatuto de Protecci\u00f3n al Consumidor de Servicios Aeron\u00e1uticos, el primer gran paso en la defensa de miles de pasajeros ante los abusos de las aerol\u00edneas. Emeterio Montes, representante a la C\u00e1mara por Bol\u00edvar, asegur\u00f3 que con esta iniciativa se asegura el derecho a la compensaci\u00f3n por demoras, cancelaci\u00f3n y son reventa de vuelos, da\u00f1o o retraso en la entrega del equipaje y\u00a0el derecho al retracto por publicidad enga\u00f1osa. Montes indic\u00f3 que el Estatuto prev\u00e9 la instalaci\u00f3n de puntos de&#8230; <\/p>\n","protected":false},"author":3,"featured_media":33217,"comment_status":"open","ping_status":"closed","sticky":false,"template":"","format":"standard","meta":{"footnotes":"","_links_to":"","_links_to_target":""},"categories":[75,4],"tags":[],"class_list":["post-33216","post","type-post","status-publish","format-standard","has-post-thumbnail","hentry","category-destacada","category-politica"],"_links":{"self":[{"href":"https:\/\/revistazetta.com\/index.php?rest_route=\/wp\/v2\/posts\/33216","targetHints":{"allow":["GET"]}}],"collection":[{"href":"https:\/\/revistazetta.com\/index.php?rest_route=\/wp\/v2\/posts"}],"about":[{"href":"https:\/\/revistazetta.com\/index.php?rest_route=\/wp\/v2\/types\/post"}],"author":[{"embeddable":true,"href":"https:\/\/revistazetta.com\/index.php?rest_route=\/wp\/v2\/users\/3"}],"replies":[{"embeddable":true,"href":"https:\/\/revistazetta.com\/index.php?rest_route=%2Fwp%2Fv2%2Fcomments&post=33216"}],"version-history":[{"count":0,"href":"https:\/\/revistazetta.com\/index.php?rest_route=\/wp\/v2\/posts\/33216\/revisions"}],"wp:featuredmedia":[{"embeddable":true,"href":"https:\/\/revistazetta.com\/index.php?rest_route=\/wp\/v2\/media\/33217"}],"wp:attachment":[{"href":"https:\/\/revistazetta.com\/index.php?rest_route=%2Fwp%2Fv2%2Fmedia&parent=33216"}],"wp:term":[{"taxonomy":"category","embeddable":true,"href":"https:\/\/revistazetta.com\/index.php?rest_route=%2Fwp%2Fv2%2Fcategories&post=33216"},{"taxonomy":"post_tag","embeddable":true,"href":"https:\/\/revistazetta.com\/index.php?rest_route=%2Fwp%2Fv2%2Ftags&post=33216"}],"curies":[{"name":"wp","href":"https:\/\/api.w.org\/{rel}","templated":true}]}}