{"id":33226,"date":"2019-11-14T05:51:11","date_gmt":"2019-11-14T10:51:11","guid":{"rendered":"http:\/\/www.revistazetta.com\/?p=33226"},"modified":"2019-11-14T05:51:11","modified_gmt":"2019-11-14T10:51:11","slug":"imponente-quedo-bernardo-caraballo","status":"publish","type":"post","link":"https:\/\/revistazetta.com\/?p=33226","title":{"rendered":"Imponente qued\u00f3 el \u00abBernardo Caraballo\u00bb"},"content":{"rendered":"<p><img loading=\"lazy\" decoding=\"async\" class=\"aligncenter wp-image-33224 size-large\" src=\"https:\/\/www.revistazetta.com\/wp-content\/uploads\/2019\/11\/Benny-2-1024x682.jpg\" alt=\"\" width=\"1024\" height=\"682\" srcset=\"https:\/\/revistazetta.com\/wp-content\/uploads\/2019\/11\/Benny-2-1024x682.jpg 1024w, https:\/\/revistazetta.com\/wp-content\/uploads\/2019\/11\/Benny-2-400x267.jpg 400w, https:\/\/revistazetta.com\/wp-content\/uploads\/2019\/11\/Benny-2-219x146.jpg 219w, https:\/\/revistazetta.com\/wp-content\/uploads\/2019\/11\/Benny-2-50x33.jpg 50w, https:\/\/revistazetta.com\/wp-content\/uploads\/2019\/11\/Benny-2-113x75.jpg 113w, https:\/\/revistazetta.com\/wp-content\/uploads\/2019\/11\/Benny-2.jpg 1280w\" sizes=\"auto, (max-width: 1024px) 100vw, 1024px\" \/><\/p>\n<p>Deportista que llegue al remozado coliseo \u00abBernardo Caraballo\u00bb se sentir\u00e1 en en un escenario de Juegos Ol\u00edmpicos, por la imponencia de los trabajos.<\/p>\n<div dir=\"auto\">Con la develaci\u00f3n de la escultura del legendario boxeador, Bernardo Caraballo, el gobernador de Bol\u00edvar, Dumek Turbay Paz y el ministro del Deporte, Ernesto Lucena, entregaron al servicio de la comunidad el remozado coliseo del tradicional barrio Paseo de Bol\u00edvar.<\/div>\n<div dir=\"auto\"><\/div>\n<div dir=\"auto\">La inversi\u00f3n por parte de la Gobernaci\u00f3n de Bol\u00edvar ascendi\u00f3 a $4.129 millones, y permitir\u00e1 que la familia del baloncesto y el boxeo cuenten con un escenario totalmente refaccionado y renovado para estos Juegos Deportivos Nacionales y Paranacionales a celebrarse en territorio bolivarense e igualmente para eventos futuros de similares caracter\u00edsticas.<\/div>\n<div dir=\"auto\"><\/div>\n<div dir=\"auto\">La convocatoria de la familia deportiva sirvi\u00f3 adem\u00e1s para que el mandatario departamental tuviera la oportunidad de entregar la bandera de Bol\u00edvar a la delegaci\u00f3n\u00a0 de deportistas que tendr\u00e1n la misi\u00f3n de ocupar un sitial de honor en el podio de los mejores de estos Juegos del Bicentenario.<\/div>\n<div dir=\"auto\"><\/div>\n<div dir=\"auto\">Para el gobernante regional estos juegos ser\u00e1n sin duda alguna \u201clos mejores en la historia deportiva del pa\u00eds. Esto se debe al liderazgo, la responsabilidad y el compromiso que se ha tenido desde el mismo momento en que se nos fue entregada la sede. Hoy podemos decir con orgullo inmenso que le hemos cumplido a la Naci\u00f3n, a los deportistas y a toda la poblaci\u00f3n en general\u201d.<\/div>\n<div dir=\"auto\"><\/div>\n<div dir=\"auto\">Para destacar que la disciplina del baloncesto en especial podr\u00e1 contar con un coliseo con las mejores especificidades al servicio del basket local y departamental.<\/div>\n<div dir=\"auto\"><\/div>\n<div dir=\"auto\">Fue una gran fiesta deportiva la que se vivi\u00f3\u00a0 en El \u201cPechich\u00f3n\u201d y que sirvi\u00f3 adem\u00e1s como abrebocas para lo que ser\u00e1 la inauguraci\u00f3n de los Juegos Deportivos este viernes 15 de noviembre en el estadio Jaime Mor\u00f3n Le\u00f3n.<\/div>\n<div dir=\"auto\"><img loading=\"lazy\" decoding=\"async\" class=\"aligncenter wp-image-33225 size-large\" src=\"https:\/\/www.revistazetta.com\/wp-content\/uploads\/2019\/11\/Benny-3-1024x682.jpg\" alt=\"\" width=\"1024\" height=\"682\" srcset=\"https:\/\/revistazetta.com\/wp-content\/uploads\/2019\/11\/Benny-3-1024x682.jpg 1024w, https:\/\/revistazetta.com\/wp-content\/uploads\/2019\/11\/Benny-3-400x267.jpg 400w, https:\/\/revistazetta.com\/wp-content\/uploads\/2019\/11\/Benny-3-219x146.jpg 219w, https:\/\/revistazetta.com\/wp-content\/uploads\/2019\/11\/Benny-3-50x33.jpg 50w, https:\/\/revistazetta.com\/wp-content\/uploads\/2019\/11\/Benny-3-113x75.jpg 113w, https:\/\/revistazetta.com\/wp-content\/uploads\/2019\/11\/Benny-3.jpg 1280w\" sizes=\"auto, (max-width: 1024px) 100vw, 1024px\" \/><\/div>\n","protected":false},"excerpt":{"rendered":"<p>Deportista que llegue al remozado coliseo \u00abBernardo Caraballo\u00bb se sentir\u00e1 en en un escenario de Juegos Ol\u00edmpicos, por la imponencia de los trabajos. Con la develaci\u00f3n de la escultura del legendario boxeador, Bernardo Caraballo, el gobernador de Bol\u00edvar, Dumek Turbay Paz y el ministro del Deporte, Ernesto Lucena, entregaron al servicio de la comunidad el remozado coliseo del tradicional barrio Paseo de Bol\u00edvar. La inversi\u00f3n por parte de la Gobernaci\u00f3n de Bol\u00edvar ascendi\u00f3 a $4.129 millones, y permitir\u00e1 que la familia del baloncesto y el boxeo cuenten con un escenario&#8230; <\/p>\n","protected":false},"author":3,"featured_media":33223,"comment_status":"open","ping_status":"closed","sticky":false,"template":"","format":"standard","meta":{"footnotes":"","_links_to":"","_links_to_target":""},"categories":[75,53,91],"tags":[],"class_list":["post-33226","post","type-post","status-publish","format-standard","has-post-thumbnail","hentry","category-destacada","category-deportes","category-juegos-nacionales"],"_links":{"self":[{"href":"https:\/\/revistazetta.com\/index.php?rest_route=\/wp\/v2\/posts\/33226","targetHints":{"allow":["GET"]}}],"collection":[{"href":"https:\/\/revistazetta.com\/index.php?rest_route=\/wp\/v2\/posts"}],"about":[{"href":"https:\/\/revistazetta.com\/index.php?rest_route=\/wp\/v2\/types\/post"}],"author":[{"embeddable":true,"href":"https:\/\/revistazetta.com\/index.php?rest_route=\/wp\/v2\/users\/3"}],"replies":[{"embeddable":true,"href":"https:\/\/revistazetta.com\/index.php?rest_route=%2Fwp%2Fv2%2Fcomments&post=33226"}],"version-history":[{"count":0,"href":"https:\/\/revistazetta.com\/index.php?rest_route=\/wp\/v2\/posts\/33226\/revisions"}],"wp:featuredmedia":[{"embeddable":true,"href":"https:\/\/revistazetta.com\/index.php?rest_route=\/wp\/v2\/media\/33223"}],"wp:attachment":[{"href":"https:\/\/revistazetta.com\/index.php?rest_route=%2Fwp%2Fv2%2Fmedia&parent=33226"}],"wp:term":[{"taxonomy":"category","embeddable":true,"href":"https:\/\/revistazetta.com\/index.php?rest_route=%2Fwp%2Fv2%2Fcategories&post=33226"},{"taxonomy":"post_tag","embeddable":true,"href":"https:\/\/revistazetta.com\/index.php?rest_route=%2Fwp%2Fv2%2Ftags&post=33226"}],"curies":[{"name":"wp","href":"https:\/\/api.w.org\/{rel}","templated":true}]}}