{"id":33229,"date":"2019-11-14T06:24:07","date_gmt":"2019-11-14T11:24:07","guid":{"rendered":"http:\/\/www.revistazetta.com\/?p=33229"},"modified":"2019-11-14T06:24:07","modified_gmt":"2019-11-14T11:24:07","slug":"delirio-capacitaciones-raja-escuela-gobierno-escuela-taller-concejo","status":"publish","type":"post","link":"https:\/\/revistazetta.com\/?p=33229","title":{"rendered":"Delirio por capacitaciones raja a Escuela de Gobierno y Escuela Taller en el Concejo"},"content":{"rendered":"<p>Insatisfechos se declararon los concejales con los informes presentados por los directores de la Escuela de Gobierno y Liderazgo, Robinson Mena, y Escuela Taller Cartagena de Indias, Claudia Navarro, entidades que seg\u00fan el criterio de los concejales deben replantearse y dejar de competir en capacitaciones con otras dependencias del gobierno, sin ninguna articulaci\u00f3n ni impacto para la poblaci\u00f3n beneficiada.<\/p>\n<p>La Escuela de Gobierno y Liderazgo est\u00e1 solicitando un presupuesto para la pr\u00f3xima vigencia de $6.650 millones para adelantar los programas: Encuentro con mi gente, Buenas Pr\u00e1cticas Ciudadanas, Formaci\u00f3n para el Barrido Social, Liderazgo y Democracia; Inclusi\u00f3n Social, entre otros, cuya ejecuci\u00f3n superan los $500 millones de pesos cada uno en capacitaci\u00f3n.<\/p>\n<p>Para la concejal de la U, Duvinia Torres Cohen, la Escuela de Gobierno perdi\u00f3 su norte y tiene que ser sometida a una reingenier\u00eda y convertirse en lo que era antes; una Escuela de Alto Pensamiento, generadora de conocimiento. \u201cHoy la escuela de Gobierno, es otra secretaria de Participaci\u00f3n Ciudadana. Propongo que los recursos que est\u00e1n pidiendo no se den. La Escuela de Gobierno, es una herramienta de transformaci\u00f3n de Cartagena; por eso se llama de Gobierno y Liderazgo\u201d.<\/p>\n<p>El concejal Liberal Javier Curi Osorioc fue claro en manifestar que todos los programas sociales de esta escuela dirigida a la comunidad han fracasado, por el poco impacto que se genera. \u201cEsta escuela debe redefinirse para que estudie y proponga los diagn\u00f3sticos de lo que necesita la ciudad\u201d.<\/p>\n<p>El concejal Ronald Fortich consider\u00f3 una falta de respeto la informaci\u00f3n recibida, toda vez que parecen indicar como una constante la realizaci\u00f3n de capacitaciones para justificar el gasto del presupuesto y el impacto es cero. \u201cNo existe un mejoramiento en la calidad de vida de la gente pobre de Cartagena\u201d.<\/p>\n<p>Am\u00e9rico Mendoza, concejal de ASI, manifest\u00f3 que la Escuela de Gobierno compite con las alcald\u00edas locales para saber cu\u00e1l capacita m\u00e1s. \u201cAqu\u00ed existe un problema de fondo que debe ser redefinido en torno a las verdaderas funciones de la Escuela de Gobierno y Liderazgo\u201d.<\/p>\n<p>C\u00e9sar Pion Gonz\u00e1lez, concejal de la U, es del criterio que se congelen los recursos para la Escuela de Gobierno y Liderazgo, con el objetivo de esperar el programa de gobierno del pr\u00f3ximo alcalde, ya que los objetivos cambian. \u201cQue la Escuela de Gobierno de hoy, realice un estudio sobre temas prioritarios que necesita la ciudad y se le presenten al nuevo alcalde para que defina qu\u00e9 es lo que necesita la ciudad\u201d.<\/p>\n<p>El concejal Conservador Oscar Mar\u00edn indic\u00f3 que la naturaleza de la Escuela de Gobierno es adelantar los procesos para la transformaci\u00f3n interna y no externa como se viene planteando. \u201cEl Fortalecimiento interno significa capacitar a los funcionarios en busca de la excelencia en la administraci\u00f3n p\u00fablica\u201d.<\/p>\n<p>El concejal de Cambio Radical, Antonio Salim Guerra, se pregunt\u00f3 qu\u00e9 hace una escuela de formaci\u00f3n para el trabajo y del desarrollo humano, que capacita a 525, con un presupuesto de $6.000 millones y se gasta $316 millones en abogados, es decir $25 millones mensuales en abogados con sueldos de $8, $6 y $5 millones. Se gasta $1.848 millones en funcionamiento administrativo y $1.180 millones en docentes; es decir, el 60% de su presupuesto se va en funcionamiento y s\u00f3lo el 40% es para capacitar a los aprendices. \u201cCreo que se debe aumentar el presupuesto para la formaci\u00f3n y disminuir los gastos\u201d.<\/p>\n<p>La concejal de la U, Duvinia Torres Cohen destac\u00f3 que el informe presentado se encuentra incompleto, porque la directora de la Escuela Taller, no report\u00f3, lo que recibe por la administraci\u00f3n de los monumentos hist\u00f3ricos y fuertes. \u201cLa Escuela tiene dos misiones: La formaci\u00f3n y la administraci\u00f3n de los fuertes y esos ingresos que recibe por la entrada de los turistas al Castillo de San Felipe, son dineros p\u00fablicos que tienen que ser reportados. Para m\u00ed, lo que piden es exagerado\u201d.<\/p>\n<p>El concejal Conservador, Oscar Mar\u00edn hizo la claridad que los funcionarios deben explicar qu\u00e9 hicieron con el presupuesto del 2019 y hacer un balance de gesti\u00f3n para poder aprobar el presupuesto de la vigencia 2020. \u201cAqu\u00ed se manejan recursos de los monumentos hist\u00f3ricos, que no son reportados\u201d.<\/p>\n<p>El concejal de ASI, Am\u00e9rico Mendoza hizo el an\u00e1lisis de la totalidad de los estudiantes de la Escuela Taller, 525, con el presupuesto aprobado en el 2019, que son $6.000 millones y manifest\u00f3 que cada uno de los estudiantes le cuestan al Distrito $12 millones de pesos, cifra \u00e9sta que es m\u00e1s elevada, que lo que paga un estudiante en una universidad privada. \u201cLas cifras son astron\u00f3micas y me pregunto: Para qu\u00e9 esa cifra de $8.000 millones?<\/p>\n<p>La concejal\u00a0Ang\u00e9lica Hodeg, miembro de la comisi\u00f3n de presupuesto, tambi\u00e9n se pregunt\u00f3: \u00bfPor qu\u00e9 si en el 2018, con un presupuesto de $300 millones se capacitaron 205 estudiantes y este a\u00f1o, con un presupuesto de $6.000 millones se lleg\u00f3 a 525? As\u00ed mismo, pregunt\u00f3 qu\u00e9 es de la vida y d\u00f3nde est\u00e1n ubicados los 6.500 j\u00f3venes que han capacitado a lo largo de la existencia de la Escuela Taller Cartagena de Indias?<\/p>\n","protected":false},"excerpt":{"rendered":"<p>Insatisfechos se declararon los concejales con los informes presentados por los directores de la Escuela de Gobierno y Liderazgo, Robinson Mena, y Escuela Taller Cartagena de Indias, Claudia Navarro, entidades que seg\u00fan el criterio de los concejales deben replantearse y dejar de competir en capacitaciones con otras dependencias del gobierno, sin ninguna articulaci\u00f3n ni impacto para la poblaci\u00f3n beneficiada. La Escuela de Gobierno y Liderazgo est\u00e1 solicitando un presupuesto para la pr\u00f3xima vigencia de $6.650 millones para adelantar los programas: Encuentro con mi gente, Buenas Pr\u00e1cticas Ciudadanas, Formaci\u00f3n para el&#8230; <\/p>\n","protected":false},"author":3,"featured_media":33230,"comment_status":"open","ping_status":"closed","sticky":false,"template":"","format":"standard","meta":{"footnotes":"","_links_to":"","_links_to_target":""},"categories":[75,4],"tags":[],"class_list":["post-33229","post","type-post","status-publish","format-standard","has-post-thumbnail","hentry","category-destacada","category-politica"],"_links":{"self":[{"href":"https:\/\/revistazetta.com\/index.php?rest_route=\/wp\/v2\/posts\/33229","targetHints":{"allow":["GET"]}}],"collection":[{"href":"https:\/\/revistazetta.com\/index.php?rest_route=\/wp\/v2\/posts"}],"about":[{"href":"https:\/\/revistazetta.com\/index.php?rest_route=\/wp\/v2\/types\/post"}],"author":[{"embeddable":true,"href":"https:\/\/revistazetta.com\/index.php?rest_route=\/wp\/v2\/users\/3"}],"replies":[{"embeddable":true,"href":"https:\/\/revistazetta.com\/index.php?rest_route=%2Fwp%2Fv2%2Fcomments&post=33229"}],"version-history":[{"count":0,"href":"https:\/\/revistazetta.com\/index.php?rest_route=\/wp\/v2\/posts\/33229\/revisions"}],"wp:featuredmedia":[{"embeddable":true,"href":"https:\/\/revistazetta.com\/index.php?rest_route=\/wp\/v2\/media\/33230"}],"wp:attachment":[{"href":"https:\/\/revistazetta.com\/index.php?rest_route=%2Fwp%2Fv2%2Fmedia&parent=33229"}],"wp:term":[{"taxonomy":"category","embeddable":true,"href":"https:\/\/revistazetta.com\/index.php?rest_route=%2Fwp%2Fv2%2Fcategories&post=33229"},{"taxonomy":"post_tag","embeddable":true,"href":"https:\/\/revistazetta.com\/index.php?rest_route=%2Fwp%2Fv2%2Ftags&post=33229"}],"curies":[{"name":"wp","href":"https:\/\/api.w.org\/{rel}","templated":true}]}}