{"id":33235,"date":"2019-11-14T08:44:06","date_gmt":"2019-11-14T13:44:06","guid":{"rendered":"http:\/\/www.revistazetta.com\/?p=33235"},"modified":"2019-11-14T08:44:06","modified_gmt":"2019-11-14T13:44:06","slug":"una-macabra-repeticion-opinion-danilo-contreras","status":"publish","type":"post","link":"https:\/\/revistazetta.com\/?p=33235","title":{"rendered":"Una macabra repetici\u00f3n &#8211; Opini\u00f3n de Danilo Contreras"},"content":{"rendered":"<p><span style=\"color: #000080;\"><strong>Por Danilo Contreras (Especial para Revista Zetta).-<\/strong><\/span> \u00a0Un cap\u00edtulo especial en la historia universal de la infamia merece un macabro personaje de la Alemania nazi: Su nombre, Ernst Rohm.<\/p>\n<p>Luego de la oprobiosa Primera Guerra Mundial y del humillante tratado de Versalles que impuso condiciones de indignidad a los vencidos, entre ellos, fundamentalmente, Alemania; sobrevino en aquella naci\u00f3n un estado permanente de confusi\u00f3n y agitaci\u00f3n que fue copado por fuerzas extremistas de izquierda y derecha, que no tardaron en tomarse las calles.<\/p>\n<p>En ese infernal caldo de cultivo surge el personaje mencionado como el m\u00e1s abyecto servidor de los inter\u00e9s totalitaristas del nefasto Adolf Hitler. Por la \u00e9poca, Rohm en su af\u00e1n de dominaci\u00f3n crea una milicia que la historia recuerda como la SA, civiles ataviados con camisas pardas que enfrentaban en las calles las manifestaciones de fuerzas pol\u00edticas de izquierda y en general de todas aquellas que fueran contrarias al Nacionalsocialismo del cual las SA eran un aparato.<\/p>\n<p>Como la historia no se cansa de macabras repeticiones, en el siglo de las revoluciones virtuales en red, en las bre\u00f1as de un mero pa\u00eds suramericano, una ventolera fascistoide tiene lugar por cuenta de un grupo de ciudadanos de la Bella Villa de Medell\u00edn, que han resuelto conformarse en defensa de la vida, honra y bienes de los ciudadanos paisas frente a la amenaza de disturbios y destrucci\u00f3n de que se ha revestido el ejercicio del leg\u00edtimo derecho a la protesta que impulsan organizaciones sociales para el 21 de noviembre de este agitado a\u00f1o.<\/p>\n<p>El asunto es francamente alarmante dado el tono altanero de quien lidera el grupo de civiles antidisturbios, quien se hace llamar por el alias de \u201cEl Patriota\u201d. Francamente NO es mi patria la que profesa esta mala y andina versi\u00f3n del ario Ernst Rohm.<\/p>\n<p>Hasta donde precariamente recuerdo, el art\u00edculo 2do de la Carta se\u00f1ala que: \u201cLas autoridades de la Rep\u00fablica est\u00e1n instituidas para proteger a todas las personas residentes en Colombia, en su vida, honra, bienes, creencias, y dem\u00e1s derechos y libertades, y para asegurar el cumplimiento de los deberes sociales del Estado y de los particulares\u201d.<\/p>\n<p>Esta ma\u00f1ana he escuchado las pat\u00e9ticas declaraciones de este \u201cpatriota\u201d que pese a los llamados a la sensatez, insiste en su prop\u00f3sito supremo que le permitir\u00e1 a los ciudadanos de bien de la capital paisa, mantener a salvo sus propiedades e integridad personal, seg\u00fan alega. Mientras tanto no se escucha a ninguna autoridad civil o militar desautorizar, en\u00e9rgicamente, la velada amenaza de este personaje al ejercicio constitucional a la protesta que tienen los sectores que la promueven. Un manto gris se cierne sobre la posici\u00f3n de las autoridades frente a estas iniciativas.<\/p>\n<p>Expresiones como estas implican un desconocimiento de las autoridades legalmente constituidas para asumir el orden, buena marcha y garant\u00eda de la protesta, con lo cual se abre un expediente nuevo de eso que llaman \u201cEstado de Opini\u00f3n\u201d, pues no son pocos los buenos e incautos ciudadanos, que frente al temor que causan las especulaciones que pululan en redes acerca de la protesta del 21 de noviembre, muestran simpat\u00edas por este peligroso movimiento y personaje. En eso vamos.<\/p>\n","protected":false},"excerpt":{"rendered":"<p>Por Danilo Contreras (Especial para Revista Zetta).- \u00a0Un cap\u00edtulo especial en la historia universal de la infamia merece un macabro personaje de la Alemania nazi: Su nombre, Ernst Rohm. Luego de la oprobiosa Primera Guerra Mundial y del humillante tratado de Versalles que impuso condiciones de indignidad a los vencidos, entre ellos, fundamentalmente, Alemania; sobrevino en aquella naci\u00f3n un estado permanente de confusi\u00f3n y agitaci\u00f3n que fue copado por fuerzas extremistas de izquierda y derecha, que no tardaron en tomarse las calles. En ese infernal caldo de cultivo surge el&#8230; <\/p>\n","protected":false},"author":3,"featured_media":33236,"comment_status":"open","ping_status":"closed","sticky":false,"template":"","format":"standard","meta":{"footnotes":"","_links_to":"","_links_to_target":""},"categories":[75,44,65],"tags":[],"class_list":["post-33235","post","type-post","status-publish","format-standard","has-post-thumbnail","hentry","category-destacada","category-materiagris","category-opinion"],"_links":{"self":[{"href":"https:\/\/revistazetta.com\/index.php?rest_route=\/wp\/v2\/posts\/33235","targetHints":{"allow":["GET"]}}],"collection":[{"href":"https:\/\/revistazetta.com\/index.php?rest_route=\/wp\/v2\/posts"}],"about":[{"href":"https:\/\/revistazetta.com\/index.php?rest_route=\/wp\/v2\/types\/post"}],"author":[{"embeddable":true,"href":"https:\/\/revistazetta.com\/index.php?rest_route=\/wp\/v2\/users\/3"}],"replies":[{"embeddable":true,"href":"https:\/\/revistazetta.com\/index.php?rest_route=%2Fwp%2Fv2%2Fcomments&post=33235"}],"version-history":[{"count":0,"href":"https:\/\/revistazetta.com\/index.php?rest_route=\/wp\/v2\/posts\/33235\/revisions"}],"wp:featuredmedia":[{"embeddable":true,"href":"https:\/\/revistazetta.com\/index.php?rest_route=\/wp\/v2\/media\/33236"}],"wp:attachment":[{"href":"https:\/\/revistazetta.com\/index.php?rest_route=%2Fwp%2Fv2%2Fmedia&parent=33235"}],"wp:term":[{"taxonomy":"category","embeddable":true,"href":"https:\/\/revistazetta.com\/index.php?rest_route=%2Fwp%2Fv2%2Fcategories&post=33235"},{"taxonomy":"post_tag","embeddable":true,"href":"https:\/\/revistazetta.com\/index.php?rest_route=%2Fwp%2Fv2%2Ftags&post=33235"}],"curies":[{"name":"wp","href":"https:\/\/api.w.org\/{rel}","templated":true}]}}