{"id":33237,"date":"2019-11-15T06:32:45","date_gmt":"2019-11-15T11:32:45","guid":{"rendered":"http:\/\/www.revistazetta.com\/?p=33237"},"modified":"2019-11-15T06:32:45","modified_gmt":"2019-11-15T11:32:45","slug":"tenso-cordial-primer-encuentro-concejo-dau","status":"publish","type":"post","link":"https:\/\/revistazetta.com\/?p=33237","title":{"rendered":"Tenso pero cordial primer encuentro Concejo-Dau"},"content":{"rendered":"<div dir=\"auto\">Lo cort\u00e9s no quita lo valiente dice el adagio, y eso es lo que se puede predicar del primer encuentro entre el alcalde electo William Dau y el Concejo de Cartagena.<\/div>\n<div dir=\"auto\">Con sus acumuladas cr\u00edticas de varios a\u00f1os contra la clase pol\u00edtica, Dau se sent\u00f3 en el mismo sal\u00f3n de Comisiones con concejales actuales y electos, quienes, a su turno, le plantaron cara al pr\u00f3ximo mandatario.<\/div>\n<div dir=\"auto\">Dau lleg\u00f3 con la \u00abconcejal N\u00ba 20\u00bb, como los concejales llaman con cari\u00f1o a M\u00f3nica Fadul, su anunciada Gerente de Ciudad, y quien por varios a\u00f1os ha sido frecuente visitante del Concejo en su calidad de directora seccional de Fenalco.<\/div>\n<div dir=\"auto\">William Dau inici\u00f3 su di\u00e1logo pidiendo trabajar en equipo y advirtiendo que las cosas tienen que cambiar para recuperar los dineros p\u00fablicos que se lo ha llevado la corrupci\u00f3n y solicit\u00f3 que se suban al mismo bus para cambiar en cuatro a\u00f1os a Cartagena.<\/div>\n<div dir=\"auto\">Uno de los m\u00e1s veteranos, C\u00e9sar Pi\u00f3n, le hizo un planteamiento a Dau que encierra una reflexi\u00f3n que le trasladaron con temple:<\/div>\n<div dir=\"auto\">\n<blockquote>\n<div dir=\"auto\"><span style=\"color: #0000ff;\"><em>La corrupci\u00f3n ocupa grandes espacios en la sociedad tanto en el sector p\u00fablico como en sector privado. En Cartagena existen 268 mil personas que viven en la miseria econ\u00f3mica, 60 mil personas en la pobreza absoluta, el desempleo va en aumento, la econom\u00eda informal supera el 35% de la poblaci\u00f3n. \u00a0Esta realidad\u00a0contrasta con las millonarias riquezas y ganancias de las Industrias del sector Portuario, Aeroportuario, la Red Hotelera, el sector de la Construcci\u00f3n; entre otros. Pero esa riqueza no se refleja en la ciudad y su gente. \u201cDisfrutan de beneficios tributarios y eso no se refleja en Cartagena. Como actor pol\u00edtico, le recomiendo particularizar sin generalizar y trabajar ambos sectores; tanto p\u00fablico como privado\u201d.<\/em><\/span><\/div>\n<\/blockquote>\n<\/div>\n<div dir=\"auto\">El concejal liberal Javier Curi Osorio indic\u00f3 que gran parte de lo que sucede en Cartagena, la culpa es de la administraci\u00f3n que a lo largo de los a\u00f1os ha olvidado poner en pr\u00e1ctica el instrumento de la planeaci\u00f3n, que el alcalde cumpla con el nuevo modelo de gesti\u00f3n para entrar a resolver los grandes problemas de la ciudad. No existe una coordinaci\u00f3n entre las diversas dependencias del Distrito y por ello, las inversiones que se hacen son de poco impacto. As\u00ed mismo, le hizo el llamado para que si quiere acabar con la corrupci\u00f3n debe educar al pueblo.<\/div>\n<div dir=\"auto\"><\/div>\n<div dir=\"auto\">El concejal conservador \u00d3scar Mar\u00edn previno al nuevo alcalde de los problemas que afrontar\u00e1 a comienzos del nuevo a\u00f1o, porque no se presupuest\u00f3 a tiempo los recursos para la contrataci\u00f3n del PAE, Aseo y Vigilancia para las dependencias del Distrito y el Transporte Escolar. Recomend\u00f3 al alcalde electo hacerse acompa\u00f1ar del Banco Mundial de Alimentos, en lo relacionado con el PAE. As\u00ed mismo, pidi\u00f3 que d\u00e9 a conocer al gobierno nacional la inconformidad del pueblo cartagenero con los resultados del censo poblacional, que desapareci\u00f3 a m\u00e1s de 200 mil cartageneros y que en la ciudad habitan m\u00e1s de un mill\u00f3n 200 mil habitantes.<\/div>\n<div dir=\"auto\"><\/div>\n<div dir=\"auto\">Carlos Barrios, concejal de Cambio Radical, solicit\u00f3 al nuevo alcalde que le recomiende al alcalde actual, Pedrito Pereira, no firmar el contrato de APP para la Quinta Avenida de Manga, porque se empe\u00f1ar\u00e1 a la ciudad por 30 a\u00f1os en una condena de pagar dos nuevos peajes. Indic\u00f3 que existen otras formas de financiaci\u00f3n de esta mega obra. Se pregunt\u00f3 el por qu\u00e9, los gremios econ\u00f3micos que lo acompa\u00f1an, no se han pronunciado sobre este particular.<\/div>\n<div dir=\"auto\"><\/div>\n<div dir=\"auto\">El concejal de ASI, Am\u00e9rico Mendoza, le hizo claridad al alcalde DAU que el 60% del presupuesto que maneja la ciudad proviene de transferencias de la Naci\u00f3n, con destinaci\u00f3n espec\u00edfica para el sector salud y educaci\u00f3n, que los recursos propios del Distrito alcanzan $190 mil millones, proveniente de los recaudos del Impuesto Predial.<\/div>\n<div dir=\"auto\"><\/div>\n<div dir=\"auto\">\u201cEn Cartagena se factura a 250 mil contribuyentes y de ellos, s\u00f3lo paga el 36%. Estamos en una ciudad con baja tributaci\u00f3n y este es el panorama que va a encontrar\u201d.<\/div>\n<div dir=\"auto\"><\/div>\n<div dir=\"auto\">El concejal Am\u00e9rico Mendoza le solicit\u00f3 que haga uso de leyes que definen la financiaci\u00f3n de grandes obras para la ciudad. Pero desafortunadamente estos proyectos, no se han formulado y por ello, no tienen presupuesto.<\/div>\n<div dir=\"auto\"><\/div>\n<div dir=\"auto\">Duvinia Torres Cohen, concejal de la bancada de la U, le hizo saber al nuevo alcalde que el Concejo aprueba el presupuesto. Pero quien lo ejecuta y ordena los gastos es el alcalde. \u201cAlcalde no le preste atenci\u00f3n a tantos chismes, que los concejales no contratan, quien contrata es el alcalde\u201d, concluy\u00f3.<\/div>\n<div dir=\"auto\"><\/div>\n<div dir=\"auto\">La concejal Ang\u00e9lica Hodeg pidi\u00f3 al nuevo alcalde trabajar por la mujer y fortalecerla a trav\u00e9s de la creaci\u00f3n de la Secretar\u00eda de la Mujer, y que se tenga la voluntad pol\u00edtica para robustecer a la mujer cabeza de hogar.<\/div>\n","protected":false},"excerpt":{"rendered":"<p>Lo cort\u00e9s no quita lo valiente dice el adagio, y eso es lo que se puede predicar del primer encuentro entre el alcalde electo William Dau y el Concejo de Cartagena. Con sus acumuladas cr\u00edticas de varios a\u00f1os contra la clase pol\u00edtica, Dau se sent\u00f3 en el mismo sal\u00f3n de Comisiones con concejales actuales y electos, quienes, a su turno, le plantaron cara al pr\u00f3ximo mandatario. Dau lleg\u00f3 con la \u00abconcejal N\u00ba 20\u00bb, como los concejales llaman con cari\u00f1o a M\u00f3nica Fadul, su anunciada Gerente de Ciudad, y quien por&#8230; <\/p>\n","protected":false},"author":3,"featured_media":33238,"comment_status":"open","ping_status":"closed","sticky":false,"template":"","format":"standard","meta":{"footnotes":"","_links_to":"","_links_to_target":""},"categories":[75,4],"tags":[],"class_list":["post-33237","post","type-post","status-publish","format-standard","has-post-thumbnail","hentry","category-destacada","category-politica"],"_links":{"self":[{"href":"https:\/\/revistazetta.com\/index.php?rest_route=\/wp\/v2\/posts\/33237","targetHints":{"allow":["GET"]}}],"collection":[{"href":"https:\/\/revistazetta.com\/index.php?rest_route=\/wp\/v2\/posts"}],"about":[{"href":"https:\/\/revistazetta.com\/index.php?rest_route=\/wp\/v2\/types\/post"}],"author":[{"embeddable":true,"href":"https:\/\/revistazetta.com\/index.php?rest_route=\/wp\/v2\/users\/3"}],"replies":[{"embeddable":true,"href":"https:\/\/revistazetta.com\/index.php?rest_route=%2Fwp%2Fv2%2Fcomments&post=33237"}],"version-history":[{"count":0,"href":"https:\/\/revistazetta.com\/index.php?rest_route=\/wp\/v2\/posts\/33237\/revisions"}],"wp:featuredmedia":[{"embeddable":true,"href":"https:\/\/revistazetta.com\/index.php?rest_route=\/wp\/v2\/media\/33238"}],"wp:attachment":[{"href":"https:\/\/revistazetta.com\/index.php?rest_route=%2Fwp%2Fv2%2Fmedia&parent=33237"}],"wp:term":[{"taxonomy":"category","embeddable":true,"href":"https:\/\/revistazetta.com\/index.php?rest_route=%2Fwp%2Fv2%2Fcategories&post=33237"},{"taxonomy":"post_tag","embeddable":true,"href":"https:\/\/revistazetta.com\/index.php?rest_route=%2Fwp%2Fv2%2Ftags&post=33237"}],"curies":[{"name":"wp","href":"https:\/\/api.w.org\/{rel}","templated":true}]}}