{"id":33239,"date":"2019-11-15T06:43:39","date_gmt":"2019-11-15T11:43:39","guid":{"rendered":"http:\/\/www.revistazetta.com\/?p=33239"},"modified":"2019-11-15T06:43:39","modified_gmt":"2019-11-15T11:43:39","slug":"fuego-del-deporte-ilumina-colombia-desde-cartagena","status":"publish","type":"post","link":"https:\/\/revistazetta.com\/?p=33239","title":{"rendered":"El fuego del Deporte ilumina a Colombia desde Cartagena"},"content":{"rendered":"<p><img loading=\"lazy\" decoding=\"async\" class=\"size-medium wp-image-33246 aligncenter\" src=\"https:\/\/www.revistazetta.com\/wp-content\/uploads\/2019\/11\/Fuego-dd-300x200.jpg\" alt=\"\" width=\"300\" height=\"200\" \/><\/p>\n<p>El fuego del Deporte lleg\u00f3 a Cartagena en la v\u00edspera, y a partir de este viernes 16 de noviembre iluminar\u00e1 por dos semanas a Colombia en los Juegos Nacionales.<\/p>\n<p>Cartagena y Bol\u00edvar son los anfitriones de unas justas que llevan dos a\u00f1os en preparaci\u00f3n, y que demandaron inversiones en la adec naci\u00f3n y construcci\u00f3n de escenarios, y preparaci\u00f3n de deportistas.<\/p>\n<p>La inauguraci\u00f3n est\u00e1 prevista a las 6 de la tarde en el estadio Jaime Mor\u00f3n, y previamente el alcalde cit\u00f3 un consejo de seguridad para revisar este aspecto.<\/p>\n<p>El Distrito de Cartagena, en cabeza alcalde, Pedrito Pereira Caballero, y las autoridades con asiento en la Heroica, dieron a conocer que la ciudad est\u00e1 dispuesta para la fiesta deportiva que desde este viernes comienza con la inauguraci\u00f3n de los Juegos Nacionales y Paranacionales Bicentenario 2019.<br \/>\nAl t\u00e9rmino de un consejo extraordinario de seguridad, realizado en la noche de este jueves, se ultimaron los detalles que permitir\u00e1n que estas justas sean las mejores en la historia del deporte colombiano.<br \/>\n\u201cEscuchamos como est\u00e1 dise\u00f1ado todo el operativo de seguridad para la inauguraci\u00f3n de los Juegos Nacionales por parte de la Polic\u00eda Metropolitana. As\u00ed mismo, la Armada Nacional apoyar\u00e1 esta actividad con toda la fuerza que la Constituci\u00f3n les da para estos eventos masivos. Tambi\u00e9n se escuch\u00f3 en detalle el Plan de Mando Unificado que estar\u00e1 de manera permanente para los Juegos, con el fin de garantizar la seguridad de los deportistas, visitantes y los asistentes a las competencias\u201d, explic\u00f3 el Alcalde.<br \/>\nAl consejo de seguridad tambi\u00e9n asisti\u00f3 la persona encargada de la seguridad de los Juegos Nacionales, quien entreg\u00f3 un reporte general de c\u00f3mo est\u00e1 preparada la organizaci\u00f3n para la atenci\u00f3n e las delegaciones, todo lo relacionado con el hospedaje y la movilidad durante los d\u00edas de las competencias deportivas.<br \/>\n\u201cEstamos tranquilos con la informaci\u00f3n recibida y con toda la disposici\u00f3n de las autoridades para hacer posible que este encuentro alrededor del deporte se desarrolle sin contratiempo alguno\u201d, expres\u00f3 Pereira Caballero.<br \/>\nEl Alcalde se\u00f1al\u00f3 que todo est\u00e1 dispuesto para la inauguraci\u00f3n, que ser\u00e1 en el estadio Jaime Mor\u00f3n Le\u00f3n, y en lo sucesivo para todas las competencias que se lleven a cabo en Cartagena.<br \/>\nLlamado a los cartageneros<br \/>\nEl Alcalde hizo un llamado espacial a los cartageneros para que aprovechen esta oportunidad, este hecho hist\u00f3rico que viven la ciudad de unos juegos nacionales en Cartagena. \u201cTodo est\u00e1 dispuesto para disfrutar al m\u00e1ximo de estas actividades deportivas y que podamos acoger a todos los deportistas del pa\u00eds\u201d, puntualiz\u00f3.<br \/>\n\u201cTodo est\u00e1 dispuesto\u201d: Polic\u00eda Metropolitana<br \/>\nPor su parte, el general Henry Armando Sanabria Cely, comandante de la Polic\u00eda Metropolitana de Cartagena, se\u00f1al\u00f3 que se dispuso de un personal especial para contrarrestar cualquier actividad que intente empa\u00f1ar la realizaci\u00f3n de este esfuerzo de pa\u00eds llamado Juegos Nacionales.<br \/>\n\u201cTendremos personal en todos los escenarios deportivos, en las rutas de aproximaci\u00f3n a los mismos, en las v\u00edas utilizadas para diferentes eventos y garantizamos la seguridad de la ciudad y de los municipios en donde tambi\u00e9n se realizar\u00e1n las diferentes competencias deportivas en el Norte de Bol\u00edvar y con la Polic\u00eda Bol\u00edvar se coordin\u00f3 el servicio en los escenarios que ser\u00e1n utilizados para estos encuentros\u201d, explic\u00f3 el oficial.<br \/>\nA\u00f1adi\u00f3 que en Cartagena se contar\u00e1 con 182 uniformados de la Metropolitana y se solicit\u00f3 un refuerzo de 500 uniformados m\u00e1s de las escuelas de formaci\u00f3n y unidades adscritas a la Direcci\u00f3n General de la Instituci\u00f3n para completar 600 hombres encargados de la seguridad en estas justas.<br \/>\n\u201cGarantizamos la seguridad de los deportistas, las delegaciones y de los observadores y asistentes a los diferentes escenarios. Hemos tenido unas reuniones con entidades del sector privado y p\u00fablico para lograr entre todos tener unas actividades en calma y seguridad. Las empresas de vigilancia privadas tendr\u00e1n una participaci\u00f3n no solo en el suministro de informaci\u00f3n, sino con la presencia de personal de estas empresas para apoyar en estas actividades\u201d, explic\u00f3 el general Sanabria Cely.<\/p>\n","protected":false},"excerpt":{"rendered":"<p>El fuego del Deporte lleg\u00f3 a Cartagena en la v\u00edspera, y a partir de este viernes 16 de noviembre iluminar\u00e1 por dos semanas a Colombia en los Juegos Nacionales. Cartagena y Bol\u00edvar son los anfitriones de unas justas que llevan dos a\u00f1os en preparaci\u00f3n, y que demandaron inversiones en la adec naci\u00f3n y construcci\u00f3n de escenarios, y preparaci\u00f3n de deportistas. La inauguraci\u00f3n est\u00e1 prevista a las 6 de la tarde en el estadio Jaime Mor\u00f3n, y previamente el alcalde cit\u00f3 un consejo de seguridad para revisar este aspecto. El Distrito&#8230; <\/p>\n","protected":false},"author":3,"featured_media":33247,"comment_status":"open","ping_status":"closed","sticky":false,"template":"","format":"standard","meta":{"footnotes":"","_links_to":"","_links_to_target":""},"categories":[53,75,91],"tags":[],"class_list":["post-33239","post","type-post","status-publish","format-standard","has-post-thumbnail","hentry","category-deportes","category-destacada","category-juegos-nacionales"],"_links":{"self":[{"href":"https:\/\/revistazetta.com\/index.php?rest_route=\/wp\/v2\/posts\/33239","targetHints":{"allow":["GET"]}}],"collection":[{"href":"https:\/\/revistazetta.com\/index.php?rest_route=\/wp\/v2\/posts"}],"about":[{"href":"https:\/\/revistazetta.com\/index.php?rest_route=\/wp\/v2\/types\/post"}],"author":[{"embeddable":true,"href":"https:\/\/revistazetta.com\/index.php?rest_route=\/wp\/v2\/users\/3"}],"replies":[{"embeddable":true,"href":"https:\/\/revistazetta.com\/index.php?rest_route=%2Fwp%2Fv2%2Fcomments&post=33239"}],"version-history":[{"count":0,"href":"https:\/\/revistazetta.com\/index.php?rest_route=\/wp\/v2\/posts\/33239\/revisions"}],"wp:featuredmedia":[{"embeddable":true,"href":"https:\/\/revistazetta.com\/index.php?rest_route=\/wp\/v2\/media\/33247"}],"wp:attachment":[{"href":"https:\/\/revistazetta.com\/index.php?rest_route=%2Fwp%2Fv2%2Fmedia&parent=33239"}],"wp:term":[{"taxonomy":"category","embeddable":true,"href":"https:\/\/revistazetta.com\/index.php?rest_route=%2Fwp%2Fv2%2Fcategories&post=33239"},{"taxonomy":"post_tag","embeddable":true,"href":"https:\/\/revistazetta.com\/index.php?rest_route=%2Fwp%2Fv2%2Ftags&post=33239"}],"curies":[{"name":"wp","href":"https:\/\/api.w.org\/{rel}","templated":true}]}}