{"id":33248,"date":"2019-11-15T07:34:09","date_gmt":"2019-11-15T12:34:09","guid":{"rendered":"http:\/\/www.revistazetta.com\/?p=33248"},"modified":"2019-11-15T08:02:11","modified_gmt":"2019-11-15T13:02:11","slug":"dumek-turbay-artifice-los-juegos-nacionales-cartagena-bolivar","status":"publish","type":"post","link":"https:\/\/revistazetta.com\/?p=33248","title":{"rendered":"Dumek Turbay: El art\u00edfice de los Juegos Nacionales en Cartagena y Bol\u00edvar"},"content":{"rendered":"<p>La persona que tiene el arte de conseguir lo que desea es un art\u00edfice. Dumek Turbay, como Gobernador de Bol\u00edvar, consigui\u00f3 que los Juegos Deportivos Nacionales tuvieran a Cartagena y Bol\u00edvar como sede, no sin antes haber competido con otros departamentos, luchar por convencer al entonces presidente Juan Manuel Santos, al actual Iv\u00e1n Duque, y entenderse con los sucesivos alcaldes de Cartagena.<\/p>\n<p>El momento en que el pebetero comience a alumbrar con el fuego deportivo en la inauguraci\u00f3n de este viernes, se cristalizar\u00e1n los desvelos de estos cuatro a\u00f1os de mandato, en los que apost\u00f3 el todo por el todo.<\/p>\n<p>Cuando el tiempo apremiaba y las esperanzas se dilu\u00edan, Dumek Turbay mantuvo en alto la bandera, le plant\u00f3 cara al gobierno nacional y logr\u00f3 que saliera \u201chumo blanco\u201d.<\/p>\n<p>Hizo de Bogot\u00e1 una especie de \u201csede alterna\u201d para cabildear los juegos, especialmente en Coldeportes, ahora Ministerio del Deporte, y Presidencia de la Rep\u00fablica.<\/p>\n<p>Convenci\u00f3 al entonces alcalde Manolo Duque para que embarcara al Distrito en esta aventura, y aunque Manolo proven\u00eda del periodismo deportivo, el que remaba a plena potencia era Dumek.<\/p>\n<p>Convenci\u00f3 a gobernadores del Caribe, convenci\u00f3 a ministros y dirigentes gremiales, y finalmente convenci\u00f3 a Juan Manuel Santos. Todos recuerdan el acto en el parque lineal de Crespo cuando el entonces presidente anunci\u00f3 que la sede le fue otorgada a Cartagena y Bol\u00edvar.<\/p>\n<p>Tambi\u00e9n supo hacer equipo con el presidente Iv\u00e1n Duque, asegurar recursos, y coordinar con su entrante director de Coldeportes (hoy Ministerio), Ernesto Lucena, y lo puso a \u201cpedalear\u201d con la Chechy Baena, otro acierto de su gesti\u00f3n. Una mujer campeona de patinaje, con liderazgo y credibilidad, fue la aliada perfecta para poner en marcha toda la organizaci\u00f3n. El equipo lo complet\u00f3 con el Comit\u00e9 Ol\u00edmpico Colombiano, que entr\u00f3 en la sinton\u00eda del Bol\u00edvar S\u00ed Avanza.<\/p>\n<p>La importancia de esta apuesta fue entendida por los sucesivos alcaldes de Cartagena, y los Juegos Nacionales se blindaron de la inestabilidad en el gobierno distrital. Sergio Londo\u00f1o, Yolanda Wong, Quinto Guerra y Pedrito Pereira interpretaron el entusiasmo de Dumek y estuvieron a la altura para que los escenarios de Cartagena de Indias estuvieran listos.<\/p>\n<p>Cuando faltan 45 d\u00edas para entregar el mandato, Dumek todav\u00eda no est\u00e1 en plan de hacer balances sino de inaugurar una obra m\u00e1s de su gobierno, que se suma a lo logrado en materia de conectividad vial, saneamiento b\u00e1sico, inversi\u00f3n social para el campesinado, cultura, turismo y econom\u00eda naranja, entre otras \u00e1reas.<\/p>\n<p>Ser\u00e1n dos semanas de Juegos Nacionales, un espl\u00e9ndido mo\u00f1o para cerrar el gobierno de resultados. Bol\u00edvar s\u00ed avanz\u00f3.<\/p>\n<div id=\"attachment_33264\" style=\"width: 310px\" class=\"wp-caption alignnone\"><img loading=\"lazy\" decoding=\"async\" aria-describedby=\"caption-attachment-33264\" class=\"wp-image-33264 size-medium\" src=\"https:\/\/www.revistazetta.com\/wp-content\/uploads\/2019\/11\/Sede-2-300x188.jpg\" alt=\"\" width=\"300\" height=\"188\" \/><p id=\"caption-attachment-33264\" class=\"wp-caption-text\">Dumek anim\u00f3 al alcalde de Cartagena y al de Magangu\u00e9 para comprometerse y hacer equipo para obtener la sede.<\/p><\/div>\n<div id=\"attachment_33260\" style=\"width: 310px\" class=\"wp-caption alignnone\"><img loading=\"lazy\" decoding=\"async\" aria-describedby=\"caption-attachment-33260\" class=\"wp-image-33260 size-medium\" src=\"https:\/\/www.revistazetta.com\/wp-content\/uploads\/2019\/11\/Dumek-juegos-12-300x200.jpg\" alt=\"\" width=\"300\" height=\"200\" \/><p id=\"caption-attachment-33260\" class=\"wp-caption-text\">En Bogot\u00e1 se present\u00f3 la candidatura, en competencia con otros departamentos.<\/p><\/div>\n<div id=\"attachment_33259\" style=\"width: 310px\" class=\"wp-caption alignnone\"><img loading=\"lazy\" decoding=\"async\" aria-describedby=\"caption-attachment-33259\" class=\"wp-image-33259 size-medium\" src=\"https:\/\/www.revistazetta.com\/wp-content\/uploads\/2019\/11\/Dumek-juegos-11-300x200.jpg\" alt=\"\" width=\"300\" height=\"200\" \/><p id=\"caption-attachment-33259\" class=\"wp-caption-text\">La fuerza de la cultura cartagenera y bolivarense fue vital para darle sustento a la candidatura.<\/p><\/div>\n<div id=\"attachment_33265\" style=\"width: 310px\" class=\"wp-caption alignnone\"><img loading=\"lazy\" decoding=\"async\" aria-describedby=\"caption-attachment-33265\" class=\"wp-image-33265 size-medium\" src=\"https:\/\/www.revistazetta.com\/wp-content\/uploads\/2019\/11\/Sede-juegos-Santos-Dumek-300x188.jpg\" alt=\"\" width=\"300\" height=\"188\" \/><p id=\"caption-attachment-33265\" class=\"wp-caption-text\">Tras inquietante incertidumbre, por fin el presidente Santos anunci\u00f3 que la sede de los Juegos la obtuvo Cartagena y Bol\u00edvar.<\/p><\/div>\n<div id=\"attachment_33258\" style=\"width: 310px\" class=\"wp-caption alignnone\"><img loading=\"lazy\" decoding=\"async\" aria-describedby=\"caption-attachment-33258\" class=\"wp-image-33258 size-medium\" src=\"https:\/\/www.revistazetta.com\/wp-content\/uploads\/2019\/11\/Dumek-juegos-10-300x200.jpg\" alt=\"\" width=\"300\" height=\"200\" \/><p id=\"caption-attachment-33258\" class=\"wp-caption-text\">Dumek supo entenderse con el nuevo presidente Iv\u00e1n Duque y su director de Coldeportes (hoy Ministerio) Ernesto Lucena.<\/p><\/div>\n<div id=\"attachment_33261\" style=\"width: 310px\" class=\"wp-caption alignnone\"><img loading=\"lazy\" decoding=\"async\" aria-describedby=\"caption-attachment-33261\" class=\"wp-image-33261 size-medium\" src=\"https:\/\/www.revistazetta.com\/wp-content\/uploads\/2019\/11\/Dumek-juegos-13-300x200.jpg\" alt=\"\" width=\"300\" height=\"200\" \/><p id=\"caption-attachment-33261\" class=\"wp-caption-text\">Checy Baena con su liderazgo y carisma, el alcalde Pedrito Pereira con su f\u00e9rreo compromiso, el presidente Duque con su respaldo.<\/p><\/div>\n<div id=\"attachment_33256\" style=\"width: 310px\" class=\"wp-caption alignnone\"><img loading=\"lazy\" decoding=\"async\" aria-describedby=\"caption-attachment-33256\" class=\"wp-image-33256 size-medium\" src=\"https:\/\/www.revistazetta.com\/wp-content\/uploads\/2019\/11\/Dumek-juegos-8-300x188.jpg\" alt=\"\" width=\"300\" height=\"188\" \/><p id=\"caption-attachment-33256\" class=\"wp-caption-text\">La sede es de Cartagena y Bol\u00edvar. Sonrisa de satisfacci\u00f3n del Gobernador de Bol\u00edvar.<\/p><\/div>\n<div id=\"attachment_33255\" style=\"width: 310px\" class=\"wp-caption alignnone\"><img loading=\"lazy\" decoding=\"async\" aria-describedby=\"caption-attachment-33255\" class=\"wp-image-33255 size-medium\" src=\"https:\/\/www.revistazetta.com\/wp-content\/uploads\/2019\/11\/Dumek-juegos-7-300x200.jpg\" alt=\"\" width=\"300\" height=\"200\" \/><p id=\"caption-attachment-33255\" class=\"wp-caption-text\">Fredy Marim\u00f3n es el deportista m\u00e1s destacado de los Juegos Nacionales, s\u00edmbolo de superaci\u00f3n y eliminaci\u00f3n de barreras.<\/p><\/div>\n<div id=\"attachment_33254\" style=\"width: 310px\" class=\"wp-caption alignnone\"><img loading=\"lazy\" decoding=\"async\" aria-describedby=\"caption-attachment-33254\" class=\"wp-image-33254 size-medium\" src=\"https:\/\/www.revistazetta.com\/wp-content\/uploads\/2019\/11\/Dumek-juegos-6-300x295.jpg\" alt=\"\" width=\"300\" height=\"295\" \/><p id=\"caption-attachment-33254\" class=\"wp-caption-text\">Cartacho es la mascota de los Juegos, elegida por concurso.<\/p><\/div>\n<div id=\"attachment_33253\" style=\"width: 310px\" class=\"wp-caption alignnone\"><img loading=\"lazy\" decoding=\"async\" aria-describedby=\"caption-attachment-33253\" class=\"wp-image-33253 size-medium\" src=\"https:\/\/www.revistazetta.com\/wp-content\/uploads\/2019\/11\/Dumek-juegos-5-300x194.jpg\" alt=\"\" width=\"300\" height=\"194\" \/><p id=\"caption-attachment-33253\" class=\"wp-caption-text\">El pa\u00eds deportivo reconoce el liderazgo de Dumek Turbay.<\/p><\/div>\n<div id=\"attachment_33252\" style=\"width: 310px\" class=\"wp-caption alignnone\"><img loading=\"lazy\" decoding=\"async\" aria-describedby=\"caption-attachment-33252\" class=\"wp-image-33252 size-medium\" src=\"https:\/\/www.revistazetta.com\/wp-content\/uploads\/2019\/11\/Dumek-juegos-4-300x197.jpg\" alt=\"\" width=\"300\" height=\"197\" \/><p id=\"caption-attachment-33252\" class=\"wp-caption-text\">El Ministro de Deporte, Ernesto Lucena, pedale\u00f3 y se puso los zapatos para hacer realidad los Juegos, un aliado firme de Dumek.<\/p><\/div>\n<div id=\"attachment_33251\" style=\"width: 310px\" class=\"wp-caption alignnone\"><img loading=\"lazy\" decoding=\"async\" aria-describedby=\"caption-attachment-33251\" class=\"wp-image-33251 size-medium\" src=\"https:\/\/www.revistazetta.com\/wp-content\/uploads\/2019\/11\/Dumek-juegos-3-300x188.jpg\" alt=\"\" width=\"300\" height=\"188\" \/><p id=\"caption-attachment-33251\" class=\"wp-caption-text\">Intensas jornadas, incluso bajo la lluvia, para hacer realidad los Juegos.<\/p><\/div>\n<p>&nbsp;<\/p>\n<div id=\"attachment_33250\" style=\"width: 310px\" class=\"wp-caption alignnone\"><img loading=\"lazy\" decoding=\"async\" aria-describedby=\"caption-attachment-33250\" class=\"size-medium wp-image-33250\" src=\"https:\/\/www.revistazetta.com\/wp-content\/uploads\/2019\/11\/Dumek-juegos-2-300x188.jpg\" alt=\"\" width=\"300\" height=\"188\" \/><p id=\"caption-attachment-33250\" class=\"wp-caption-text\">En Cartagena, el Presidente Iv\u00e1n Duque recorri\u00f3 en compa\u00f1\u00eda del Gobernador de Bol\u00edvar, Dumek Turbay, el sitio donde se est\u00e1 construyendo la Unidad Deportiva Rocky Valdez, uno de los principales escenarios de los XXI Juegos Nacionales.<\/p><\/div>\n<div id=\"attachment_33249\" style=\"width: 310px\" class=\"wp-caption alignnone\"><img loading=\"lazy\" decoding=\"async\" aria-describedby=\"caption-attachment-33249\" class=\"wp-image-33249 size-medium\" src=\"https:\/\/www.revistazetta.com\/wp-content\/uploads\/2019\/11\/Dumek-juegos-1-300x188.jpg\" alt=\"\" width=\"300\" height=\"188\" \/><p id=\"caption-attachment-33249\" class=\"wp-caption-text\">Ser\u00e1n los mejores Juegos de la historia.<\/p><\/div>\n","protected":false},"excerpt":{"rendered":"<p>La persona que tiene el arte de conseguir lo que desea es un art\u00edfice. Dumek Turbay, como Gobernador de Bol\u00edvar, consigui\u00f3 que los Juegos Deportivos Nacionales tuvieran a Cartagena y Bol\u00edvar como sede, no sin antes haber competido con otros departamentos, luchar por convencer al entonces presidente Juan Manuel Santos, al actual Iv\u00e1n Duque, y entenderse con los sucesivos alcaldes de Cartagena. El momento en que el pebetero comience a alumbrar con el fuego deportivo en la inauguraci\u00f3n de este viernes, se cristalizar\u00e1n los desvelos de estos cuatro a\u00f1os de&#8230; <\/p>\n","protected":false},"author":3,"featured_media":33262,"comment_status":"open","ping_status":"closed","sticky":false,"template":"","format":"standard","meta":{"footnotes":"","_links_to":"","_links_to_target":""},"categories":[53,75,92,91],"tags":[],"class_list":["post-33248","post","type-post","status-publish","format-standard","has-post-thumbnail","hentry","category-deportes","category-destacada","category-galeria","category-juegos-nacionales"],"_links":{"self":[{"href":"https:\/\/revistazetta.com\/index.php?rest_route=\/wp\/v2\/posts\/33248","targetHints":{"allow":["GET"]}}],"collection":[{"href":"https:\/\/revistazetta.com\/index.php?rest_route=\/wp\/v2\/posts"}],"about":[{"href":"https:\/\/revistazetta.com\/index.php?rest_route=\/wp\/v2\/types\/post"}],"author":[{"embeddable":true,"href":"https:\/\/revistazetta.com\/index.php?rest_route=\/wp\/v2\/users\/3"}],"replies":[{"embeddable":true,"href":"https:\/\/revistazetta.com\/index.php?rest_route=%2Fwp%2Fv2%2Fcomments&post=33248"}],"version-history":[{"count":0,"href":"https:\/\/revistazetta.com\/index.php?rest_route=\/wp\/v2\/posts\/33248\/revisions"}],"wp:featuredmedia":[{"embeddable":true,"href":"https:\/\/revistazetta.com\/index.php?rest_route=\/wp\/v2\/media\/33262"}],"wp:attachment":[{"href":"https:\/\/revistazetta.com\/index.php?rest_route=%2Fwp%2Fv2%2Fmedia&parent=33248"}],"wp:term":[{"taxonomy":"category","embeddable":true,"href":"https:\/\/revistazetta.com\/index.php?rest_route=%2Fwp%2Fv2%2Fcategories&post=33248"},{"taxonomy":"post_tag","embeddable":true,"href":"https:\/\/revistazetta.com\/index.php?rest_route=%2Fwp%2Fv2%2Ftags&post=33248"}],"curies":[{"name":"wp","href":"https:\/\/api.w.org\/{rel}","templated":true}]}}