{"id":3328,"date":"2014-10-16T06:13:07","date_gmt":"2014-10-16T11:13:07","guid":{"rendered":"http:\/\/www.revistazetta.com\/?p=3328"},"modified":"2014-10-16T06:13:07","modified_gmt":"2014-10-16T11:13:07","slug":"comienzan-inscripciones-para-eleccion-en-camcomercio","status":"publish","type":"post","link":"https:\/\/revistazetta.com\/?p=3328","title":{"rendered":"Comienzan inscripciones para elecci\u00f3n en Camcomercio"},"content":{"rendered":"<p>Este mi\u00e9rcoles 16 se inicia el periodo de inscripciones para la elecci\u00f3n de miembros de la Junta Directiva de la C\u00e1mara de Comercio de Cartagena.<\/p>\n<p>Se elegir\u00e1n seis miembros principales con sus suplentes y la fecha de la elecci\u00f3n es el jueves 4 de diciembre de 2014.<\/p>\n<p>El periodo de inscripciones se cierra el 31 de octubre ante la Secretar\u00eda General de la C\u00e1mara de Comercio de Cartagena sede Centro, ubicada en la calle Santa Teresa No. 32-41, en el horario de lunes a viernes de 08:00a.m a 12:30pm y de 02:00pm \u2013 06:00pm.<\/p>\n<p>La inscripci\u00f3n se podr\u00e1 efectuar por uno o varios comerciantes con matr\u00edcula vigente al 31 de marzo de 2014 o por uno o varios de los candidatos postulados.<\/p>\n<p>Los actuales miembros de Junta Directiva son:<\/p>\n<p><b>Presidenta:<\/b> Fanny Elizabeth Guerrero Maya<\/p>\n<p><b>Vicepresidente:<\/b> Sergio Espinosa Posada<\/p>\n<p><b>Principales:<\/b><\/p>\n<p>Rolando Bechara Castilla<\/p>\n<p>Sergio Espinosa Posada<\/p>\n<p>Carlos Alfredo Orozco Arbel\u00e1ez<\/p>\n<p>Fanny Elizabeth Guerrero Maya<\/p>\n<p>Magin Ortiga Pareja<\/p>\n<p>Oscar Jaime Duran Mosquera<\/p>\n<p>Carlos Mario L\u00f3pez Soto<\/p>\n<p>Edwin Pulido Sierra<\/p>\n<p><b>Suplentes<\/b><b><\/b><\/p>\n<p>Ubaldo Antonio Morales Arango<\/p>\n<p>Juan Manuel Del Castillo<\/p>\n<p>Gerardo Francisco Rumie Sosa<\/p>\n<p>Leonardo Loaiza Torres<\/p>\n<p>Adolfo Fox Garc\u00e9s<\/p>\n<p>Amaury Covo Segrera<\/p>\n<p>Jaime Ardila Hern\u00e1ndez<\/p>\n<p>John Fredy Herrera Arango<\/p>\n<p>Oscar Clavijo D\u00edaz<\/p>\n<p>&nbsp;<\/p>\n<p>El presidente ejecutivo es Alfonso D\u00edaz y el revisor fiscal es Didier S\u00e1nchez Reinoso<\/p>\n<p>&nbsp;<\/p>\n<p>En la inscripci\u00f3n de las listas se deber\u00e1n observar las siguientes reglas:<\/p>\n<ul>\n<li>Las listas deber\u00e1n contener uno o varios renglones, como m\u00e1ximo tantos renglones como miembros de junta a elegir. En el evento que se inscriban m\u00e1s renglones al n\u00famero de miembros de Junta Directiva a elegir, la lista ser\u00e1 rechazada.<\/li>\n<li>La inscripci\u00f3n deber\u00e1 efectuarse por listas con f\u00f3rmula de miembro principal y suplente; en caso contrario se proceder\u00e1 al rechazo de todo el rengl\u00f3n.<\/li>\n<li>Tanto el principal como el suplente deben cumplir la totalidad de los requisitos para participar en las elecciones, cuando alguno de los candidatos no cumpla con dichos requisitos o se encuentre incurso en alguna causal de inhabilidad o incompatibilidad, se rechazar\u00e1 la totalidad del rengl\u00f3n correspondiente.<\/li>\n<li>Ning\u00fan candidato podr\u00e1 aparecer inscrito en m\u00e1s de una lista, cuando aparezca inscrito en m\u00e1s de una lista, bien como principal o suplente, se proceder\u00e1 al rechazo de su inscripci\u00f3n en todas las listas y los renglones correspondientes<\/li>\n<li>Cuando los datos aportados en la lista de postulaci\u00f3n, no permitan individualizar al candidato, se rechazar\u00e1 el rengl\u00f3n correspondiente.<\/li>\n<li>Cuando el candidato sea persona natural debe identificarse con el nombre completo y la c\u00e9dula de ciudadan\u00eda.<\/li>\n<li>La persona jur\u00eddica con su raz\u00f3n social y el NIT, con el nombre completo e identificaci\u00f3n de su representante legal.<\/li>\n<li>Si es una sucursal de sociedad, el nombre completo que figura en el registro mercantil y el nombre e identificaci\u00f3n de su representante legal.<\/li>\n<li>No se requiere presentaci\u00f3n personal de los candidatos que integran la lista.<\/li>\n<\/ul>\n<p>&nbsp;<\/p>\n<p>Podr\u00e1n ser elegidos miembros de la Junta Directiva de la C\u00e1mara de Comercio las personas naturales y jur\u00eddicas que cumplan los siguientes requisitos:<\/p>\n<ol>\n<li>Haber tenido la calidad de comerciante matriculado durante los dos (02) a\u00f1os anteriores al treinta y uno (31) de marzo de 2014 y haber renovado oportunamente la matr\u00edcula mercantil durante este periodo. Luego entonces, acorde con el concepto emitido por la Superintendencia de Industria y Comercio, podr\u00e1n participar en las elecciones de Junta Directiva: 1) Los comerciantes matriculados que hayan renovado oportunamente su matr\u00edcula mercantil durante los a\u00f1os 2012 y 2013 y, adem\u00e1s, en el a\u00f1o 2014 y mantengan la calidad de comerciante hasta el d\u00eda de las elecciones y 2. Los comerciantes matriculados en el primer trimestre de 2012 si renovaron su matr\u00edcula mercantil durante los a\u00f1os 2013 y 2014 oportunamente y mantengan la calidad de comerciante hasta el d\u00eda de las elecciones.<\/li>\n<li>Ser ciudadano colombiano en ejercicio de los derechos pol\u00edticos.<\/li>\n<li>No haber sido sancionado por ninguno de los delitos se\u00f1alados en el art\u00edculo 16 del<\/li>\n<\/ol>\n<p>C\u00f3digo de Comercio<\/p>\n<ol>\n<li>Estar domiciliado en la respectiva circunscripci\u00f3n de la C\u00e1mara de Comercio.<\/li>\n<li>Ser persona de reconocida honorabilidad.<\/li>\n<li>No estar incurso en las causales de inhabilidad e incompatibilidad se\u00f1aladas en el<\/li>\n<\/ol>\n<p>art\u00edculo 9 de la ley 1727 de 2014.<\/p>\n<p>&nbsp;<\/p>\n","protected":false},"excerpt":{"rendered":"<p>Este mi\u00e9rcoles 16 se inicia el periodo de inscripciones para la elecci\u00f3n de miembros de la Junta Directiva de la C\u00e1mara de Comercio de Cartagena. Se elegir\u00e1n seis miembros principales con sus suplentes y la fecha de la elecci\u00f3n es el jueves 4 de diciembre de 2014. El periodo de inscripciones se cierra el 31 de octubre ante la Secretar\u00eda General de la C\u00e1mara de Comercio de Cartagena sede Centro, ubicada en la calle Santa Teresa No. 32-41, en el horario de lunes a viernes de 08:00a.m a 12:30pm y&#8230; <\/p>\n","protected":false},"author":3,"featured_media":3330,"comment_status":"closed","ping_status":"closed","sticky":false,"template":"","format":"standard","meta":{"footnotes":"","_links_to":"","_links_to_target":""},"categories":[3,50],"tags":[],"class_list":["post-3328","post","type-post","status-publish","format-standard","has-post-thumbnail","hentry","category-ciudad","category-empresa"],"_links":{"self":[{"href":"https:\/\/revistazetta.com\/index.php?rest_route=\/wp\/v2\/posts\/3328","targetHints":{"allow":["GET"]}}],"collection":[{"href":"https:\/\/revistazetta.com\/index.php?rest_route=\/wp\/v2\/posts"}],"about":[{"href":"https:\/\/revistazetta.com\/index.php?rest_route=\/wp\/v2\/types\/post"}],"author":[{"embeddable":true,"href":"https:\/\/revistazetta.com\/index.php?rest_route=\/wp\/v2\/users\/3"}],"replies":[{"embeddable":true,"href":"https:\/\/revistazetta.com\/index.php?rest_route=%2Fwp%2Fv2%2Fcomments&post=3328"}],"version-history":[{"count":0,"href":"https:\/\/revistazetta.com\/index.php?rest_route=\/wp\/v2\/posts\/3328\/revisions"}],"wp:featuredmedia":[{"embeddable":true,"href":"https:\/\/revistazetta.com\/index.php?rest_route=\/wp\/v2\/media\/3330"}],"wp:attachment":[{"href":"https:\/\/revistazetta.com\/index.php?rest_route=%2Fwp%2Fv2%2Fmedia&parent=3328"}],"wp:term":[{"taxonomy":"category","embeddable":true,"href":"https:\/\/revistazetta.com\/index.php?rest_route=%2Fwp%2Fv2%2Fcategories&post=3328"},{"taxonomy":"post_tag","embeddable":true,"href":"https:\/\/revistazetta.com\/index.php?rest_route=%2Fwp%2Fv2%2Ftags&post=3328"}],"curies":[{"name":"wp","href":"https:\/\/api.w.org\/{rel}","templated":true}]}}