{"id":33289,"date":"2019-11-22T07:31:23","date_gmt":"2019-11-22T12:31:23","guid":{"rendered":"http:\/\/www.revistazetta.com\/?p=33289"},"modified":"2019-11-22T07:39:02","modified_gmt":"2019-11-22T12:39:02","slug":"somos-gobierno-escucha","status":"publish","type":"post","link":"https:\/\/revistazetta.com\/?p=33289","title":{"rendered":"Somos un Gobierno que escucha"},"content":{"rendered":"<blockquote><p><strong><span id=\"titulo\" data-name=\"Campo de p\u00e1gina: T\u00edtulo\"><em>\u00abEl di\u00e1logo social ha sido la bandera principal de este Gobierno. Debemos profundizarlo con todos los sectores de nuestra sociedad\u00bb.<\/em>\u00a0<\/span>Discurso de mano tendida y llamado a la unidad del Presidente de la Rep\u00fablica, Iv\u00e1n Duque, al terminar la jornada de protesta nacional:<\/strong><\/p><\/blockquote>\n<p><iframe loading=\"lazy\" src=\"https:\/\/www.youtube.com\/embed\/zXs4tBqfuTk\" width=\"491\" height=\"315\" frameborder=\"0\" allowfullscreen=\"allowfullscreen\"><\/iframe><\/p>\n<p><em><span style=\"color: #000080;\">Como Presidente de todos los colombianos, quiero hablarles sobre los sucesos de este d\u00eda.<\/span><\/em><\/p>\n<p><em><span style=\"color: #000080;\">Hoy, a pesar de los actos de violencia, atribuibles a v\u00e1ndalos que no representan el esp\u00edritu de los marchantes colombianos, demostramos que este pa\u00eds puede ejercer las libertades individuales sin vulnerar las libertades de los dem\u00e1s,<\/span><\/em><\/p>\n<p><em><span style=\"color: #000080;\">Los hechos sucedidos con posterioridad a la marcha son vandalismo puro y no obedecen a una expresi\u00f3n de la voluntad popular, ni ser\u00e1n legitimados por el derecho a la protesta.<\/span><\/em><\/p>\n<p><em><span style=\"color: #000080;\">No permitiremos saqueos y atentados contra la propiedad privada. Y vamos a aplicarles todo el peso de la ley.<\/span><\/em><\/p>\n<p><em><span style=\"color: #000080;\">Quiero reconocer el trabajo conjunto de nuestra Fuerza P\u00fablica con los alcaldes y gobernadores y tambi\u00e9n con todas las autoridades, a lo largo y ancho del pa\u00eds, para garantizar el orden p\u00fablico.<\/span><\/em><\/p>\n<p><em><span style=\"color: #000080;\">Con el concurso de todas las instituciones del Estado hemos actuado en todos los rincones del pa\u00eds.<\/span><\/em><\/p>\n<p><em><span style=\"color: #000080;\">Como consecuencia del accionar coordinado las autoridades han sido capturados decenas de criminales.<\/span><\/em><\/p>\n<p><em><span style=\"color: #000080;\">Rechazamos los da\u00f1os que el vandalismo y el pillaje arrojaron el d\u00eda de hoy. Estos delincuentes perjudicaron a personas ajenas a los odios que los inspiran.<\/span><\/em><\/p>\n<p><em><span style=\"color: #000080;\">Desde el primer d\u00eda ni gobierno he sido claro. Ni el crimen ni la violencia tienen espacio en nuestra sociedad.<\/span><\/em><\/p>\n<p><em><span style=\"color: #000080;\">El crimen y la violencia s\u00f3lo generan dolor, producen pobreza y Colombia entera lo repudia.<\/span><\/em><\/p>\n<p><em><span style=\"color: #000080;\">Por eso quiero resaltar la actitud de la ciudadan\u00eda, que rechaz\u00f3 a los v\u00e1ndalos y dej\u00f3 claro que para expresarse no se necesita acudir a la violencia.<\/span><\/em><\/p>\n<p><em><span style=\"color: #000080;\">Los estudiantes, los trabajadores, los artistas y la gran mayor\u00eda de personas que se movilizaron lo hicieron con intenci\u00f3n leg\u00edtima de hacer sentir su voz. Y los escuchamos.<\/span><\/em><\/p>\n<p><em><span style=\"color: #000080;\">Colombianos:<\/span><\/em><\/p>\n<p><em><span style=\"color: #000080;\">Hemos trabajado sin descanso en estos 15 meses y lo seguiremos haciendo con m\u00e1s convicci\u00f3n que nunca.<\/span><\/em><\/p>\n<p><em><span style=\"color: #000080;\">No me cansar\u00e9 de decirlo: somos un Gobierno que escucha y que construye. Entendemos que la protesta pac\u00edfica es leg\u00edtima en una democracia. Y que a lo largo de la historia han surgido frustraciones que debemos resolver y que hemos venido atendiendo.<\/span><\/em><\/p>\n<p><em><span style=\"color: #000080;\">Hoy hablaron los colombianos. Los estamos escuchando.<\/span><\/em><\/p>\n<p><em><span style=\"color: #000080;\">El di\u00e1logo social ha sido la bandera principal de este Gobierno. Debemos profundizarlo con todos los sectores de nuestra sociedad y acelerar nuestra agenda social y de lucha contra la corrupci\u00f3n.<\/span><\/em><\/p>\n<p><em><span style=\"color: #000080;\">En esta democracia fuerte y s\u00f3lida que todos atesoramos, estamos todos juntos.<\/span><\/em><\/p>\n<p><em><span style=\"color: #000080;\">Nosotros estamos convencidos de que lo que hace una madre y un padre de familia en su hogar cuenta. Que lo que hacen los estudiantes y un docente en una instituci\u00f3n educativa cuenta. Que lo que hacen un trabajador y un empresario cuenta.<\/span><\/em><\/p>\n<p><em><span style=\"color: #000080;\">Y lo que damos todos, los que trabajamos de manera abnegada, como somos todos los colombianos, lo que debemos hacer todos los d\u00edas es seguir trabajando para que, unidos, transformemos nuestro pa\u00eds.<\/span><\/em><\/p>\n<p><em><span style=\"color: #000080;\">He dado unas instrucciones muy precisas para que la Fuerza P\u00fablica garantice la seguridad, que est\u00e1 siendo afectada por v\u00e1ndalos y criminales que quieren aterrorizar a nuestros ciudadanos.<\/span><\/em><\/p>\n<p><em><span style=\"color: #000080;\">El d\u00eda de hoy garantizamos y garantizaremos la seguridad para los que marcharon. Garantizamos la seguridad para quienes no lo hicieron.<\/span><\/em><\/p>\n<p><em><span style=\"color: #000080;\">Y el pueblo colombiano puede tener la seguridad y tranquilidad de que no permitiremos que ning\u00fan v\u00e1ndalo, que ning\u00fan violento amedrente a la sociedad. Y sobre todo, que pretenda limitar nuestra capacidad de expresi\u00f3n.<\/span><\/em><\/p>\n<p><em><span style=\"color: #000080;\">Somos un pa\u00eds fuerte y nunca dejaremos de serlo.<\/span><\/em><\/p>\n<p><em><span style=\"color: #000080;\">Por eso, hoy m\u00e1s que nunca, vamos a trabajar todos unidos para sacar nuestro pa\u00eds adelante.<\/span><\/em><\/p>\n<p><em><span style=\"color: #000080;\">Much\u00edsimas gracias.<\/span><\/em><\/p>\n<p><em><span style=\"color: #000080;\">(Fin)<\/span><\/em><\/p>\n","protected":false},"excerpt":{"rendered":"<p>\u00abEl di\u00e1logo social ha sido la bandera principal de este Gobierno. Debemos profundizarlo con todos los sectores de nuestra sociedad\u00bb.\u00a0Discurso de mano tendida y llamado a la unidad del Presidente de la Rep\u00fablica, Iv\u00e1n Duque, al terminar la jornada de protesta nacional: Como Presidente de todos los colombianos, quiero hablarles sobre los sucesos de este d\u00eda. Hoy, a pesar de los actos de violencia, atribuibles a v\u00e1ndalos que no representan el esp\u00edritu de los marchantes colombianos, demostramos que este pa\u00eds puede ejercer las libertades individuales sin vulnerar las libertades de&#8230; <\/p>\n","protected":false},"author":3,"featured_media":33290,"comment_status":"open","ping_status":"closed","sticky":false,"template":"","format":"standard","meta":{"footnotes":"","_links_to":"","_links_to_target":""},"categories":[2,75,35],"tags":[],"class_list":["post-33289","post","type-post","status-publish","format-standard","has-post-thumbnail","hentry","category-actualidad","category-destacada","category-actualidad-nacion"],"_links":{"self":[{"href":"https:\/\/revistazetta.com\/index.php?rest_route=\/wp\/v2\/posts\/33289","targetHints":{"allow":["GET"]}}],"collection":[{"href":"https:\/\/revistazetta.com\/index.php?rest_route=\/wp\/v2\/posts"}],"about":[{"href":"https:\/\/revistazetta.com\/index.php?rest_route=\/wp\/v2\/types\/post"}],"author":[{"embeddable":true,"href":"https:\/\/revistazetta.com\/index.php?rest_route=\/wp\/v2\/users\/3"}],"replies":[{"embeddable":true,"href":"https:\/\/revistazetta.com\/index.php?rest_route=%2Fwp%2Fv2%2Fcomments&post=33289"}],"version-history":[{"count":0,"href":"https:\/\/revistazetta.com\/index.php?rest_route=\/wp\/v2\/posts\/33289\/revisions"}],"wp:featuredmedia":[{"embeddable":true,"href":"https:\/\/revistazetta.com\/index.php?rest_route=\/wp\/v2\/media\/33290"}],"wp:attachment":[{"href":"https:\/\/revistazetta.com\/index.php?rest_route=%2Fwp%2Fv2%2Fmedia&parent=33289"}],"wp:term":[{"taxonomy":"category","embeddable":true,"href":"https:\/\/revistazetta.com\/index.php?rest_route=%2Fwp%2Fv2%2Fcategories&post=33289"},{"taxonomy":"post_tag","embeddable":true,"href":"https:\/\/revistazetta.com\/index.php?rest_route=%2Fwp%2Fv2%2Ftags&post=33289"}],"curies":[{"name":"wp","href":"https:\/\/api.w.org\/{rel}","templated":true}]}}