{"id":33299,"date":"2019-11-25T07:53:46","date_gmt":"2019-11-25T12:53:46","guid":{"rendered":"http:\/\/www.revistazetta.com\/?p=33299"},"modified":"2019-11-25T07:53:46","modified_gmt":"2019-11-25T12:53:46","slug":"grito-la-nacion-opinion-danilo-contreras","status":"publish","type":"post","link":"https:\/\/revistazetta.com\/?p=33299","title":{"rendered":"El grito de la naci\u00f3n &#8211; Opini\u00f3n de Danilo Contreras"},"content":{"rendered":"<p><span style=\"color: #000080;\"><strong>Por Danilo Contreras (Especial para Revista Zetta).-<\/strong><\/span> \u00a0Yo lamento profundamente la zozobra que han padecido muchos conciudadanos en varias ciudades del pa\u00eds a causa de elementos indeseables que muy probablemente atienden instrucciones de las ideolog\u00edas extremistas que enferman a la naci\u00f3n y al mundo. No dudo adem\u00e1s que su repudiable accionar corresponde a una matriz sociol\u00f3gica que busca infundir el temor y desasosiego del que emana la desesperanza y la claudicaci\u00f3n. No somos tontos, hay demasiadas pruebas que los delatan.<\/p>\n<p>Nadie dijo nunca que las transformaciones se alumbraran entre algodones y gasas. El testimonio fidedigno de la historia as\u00ed lo certifica. Pero el pueblo es noble y es capaz de luchar por aquello que enaltece la condici\u00f3n humana.<\/p>\n<p>Que ninguno ose negar, a riesgo de mentir, que la verdadera naturaleza del grito airado de la ciudadan\u00eda ha sido pac\u00edfico, inteligente, feliz y esperanzador. Me quedo con los estudiantes que limpiaban los muros ante los desmanes de quienes con el rostro cubierto los manchaban; me quedo con los que protestaron callados, vestidos de blanco inmarcesible en posici\u00f3n de flor de loto como lo ense\u00f1ar\u00e1 el Buda que carec\u00eda de toda religi\u00f3n; me quedo con aquellos dos muchachos que en medio de las refriegas protegieron la humanidad de un polic\u00eda golpeado y desfallecido a punto de sucumbir ante el furor de una turba; me quedo con el profesor Luis Fernando L\u00f3pez, vejado por las autoridades por reclamar que estas cesar\u00e1n de castigar a un joven estudiante como aquellos a quienes \u00e9l mismo dedica su apostolado en la c\u00e1tedra; me quedo con aquellos que jam\u00e1s hab\u00edan salido a marchar por cuenta de los privilegios que les manten\u00edan aislados en una pompa de jab\u00f3n, ausentes del sufrimiento de sus compatriotas m\u00e1s humildes, pero que en la hora actual han comprendido que la injusticia de los poderosos no es sostenible para ning\u00fan ciudadano que aprecie la decencia y el valor de la caridad en el amplio sentido que ense\u00f1aron los evangelistas; me quedo con la valent\u00eda de las mujeres que fueron maltratadas por polic\u00edas que perdieron la compasi\u00f3n defendiendo, erradamente, eso que llaman el principio de autoridad que ha venido a ser mero autoritarismo.<\/p>\n<p>Han cre\u00eddo los due\u00f1os del poder que pueden seguir enga\u00f1\u00e1ndonos con las migajas de la prosperidad que ostentan, piensan que no entendemos que m\u00e1s all\u00e1 de la ret\u00f3rica de sus discursos se oculta el deseo de una inicua dominaci\u00f3n y la voluptuosidad que implica sostener los privilegios. Creen, con desatino, que no entendemos la estrategia que busca privilegiar el relato seg\u00fan el cual la expresi\u00f3n ciudadana ha sido dominada por \u201cv\u00e1ndalos\u201d, expresi\u00f3n que no se cansan de repetir, para ocultar la genuina, profunda y justa lamentaci\u00f3n del pueblo que no resiste m\u00e1s que le masacren a sus l\u00edderes sociales en calles y veredas, a sus ind\u00edgenas en las monta\u00f1as profundas del Cauca ind\u00f3mito, que reclaman que no se humille m\u00e1s a los padres y madres de la naci\u00f3n que padecen la tragedia de no poder llegar al final del mes, quiz\u00e1s de la semana, llevando una comida decente a la mesa de sus hijos pues sus ingresos no alcanzan a satisfacer ese enga\u00f1oso guarismo que denominan salario m\u00ednimo, j\u00f3venes que no aguantan ya que se les niegue la esperanza del estudio o del empleo, ciudadanos que no soportan la esclavitud financiera a que los somete el gran capital y la iniquidad de los gobiernos.<\/p>\n<p>El pueblo grita porque quiere la paz, a\u00fan imperfecta, pues sabe que la perfecci\u00f3n que predican los empolvados, es la coartada para que ellos sostengan sus imperfectos privilegios que son la negaci\u00f3n de la idea democr\u00e1tica.<\/p>\n<p>Yo prefiero los mansos versos de Borges que cantan a quien \u201c justifica o quiere justificar un mal que le han hecho\u201d o al \u201cque prefiere que los otros tengan raz\u00f3n\u201d, pero hoy ellos carecen de la raz\u00f3n y es preciso luchar, luchar sin reposo y sin dejar caer de la mano una rosa escarlata que debe permanecer en alto.<\/p>\n<p>El clamor del pueblo es di\u00e1fano y justo. Es indispensable atenderlo.<\/p>\n","protected":false},"excerpt":{"rendered":"<p>Por Danilo Contreras (Especial para Revista Zetta).- \u00a0Yo lamento profundamente la zozobra que han padecido muchos conciudadanos en varias ciudades del pa\u00eds a causa de elementos indeseables que muy probablemente atienden instrucciones de las ideolog\u00edas extremistas que enferman a la naci\u00f3n y al mundo. No dudo adem\u00e1s que su repudiable accionar corresponde a una matriz sociol\u00f3gica que busca infundir el temor y desasosiego del que emana la desesperanza y la claudicaci\u00f3n. No somos tontos, hay demasiadas pruebas que los delatan. Nadie dijo nunca que las transformaciones se alumbraran entre algodones&#8230; <\/p>\n","protected":false},"author":3,"featured_media":33300,"comment_status":"open","ping_status":"closed","sticky":false,"template":"","format":"standard","meta":{"footnotes":"","_links_to":"","_links_to_target":""},"categories":[75,44,65],"tags":[],"class_list":["post-33299","post","type-post","status-publish","format-standard","has-post-thumbnail","hentry","category-destacada","category-materiagris","category-opinion"],"_links":{"self":[{"href":"https:\/\/revistazetta.com\/index.php?rest_route=\/wp\/v2\/posts\/33299","targetHints":{"allow":["GET"]}}],"collection":[{"href":"https:\/\/revistazetta.com\/index.php?rest_route=\/wp\/v2\/posts"}],"about":[{"href":"https:\/\/revistazetta.com\/index.php?rest_route=\/wp\/v2\/types\/post"}],"author":[{"embeddable":true,"href":"https:\/\/revistazetta.com\/index.php?rest_route=\/wp\/v2\/users\/3"}],"replies":[{"embeddable":true,"href":"https:\/\/revistazetta.com\/index.php?rest_route=%2Fwp%2Fv2%2Fcomments&post=33299"}],"version-history":[{"count":0,"href":"https:\/\/revistazetta.com\/index.php?rest_route=\/wp\/v2\/posts\/33299\/revisions"}],"wp:featuredmedia":[{"embeddable":true,"href":"https:\/\/revistazetta.com\/index.php?rest_route=\/wp\/v2\/media\/33300"}],"wp:attachment":[{"href":"https:\/\/revistazetta.com\/index.php?rest_route=%2Fwp%2Fv2%2Fmedia&parent=33299"}],"wp:term":[{"taxonomy":"category","embeddable":true,"href":"https:\/\/revistazetta.com\/index.php?rest_route=%2Fwp%2Fv2%2Fcategories&post=33299"},{"taxonomy":"post_tag","embeddable":true,"href":"https:\/\/revistazetta.com\/index.php?rest_route=%2Fwp%2Fv2%2Ftags&post=33299"}],"curies":[{"name":"wp","href":"https:\/\/api.w.org\/{rel}","templated":true}]}}