{"id":33301,"date":"2019-11-25T19:02:05","date_gmt":"2019-11-26T00:02:05","guid":{"rendered":"http:\/\/www.revistazetta.com\/?p=33301"},"modified":"2019-11-25T19:02:05","modified_gmt":"2019-11-26T00:02:05","slug":"interjet-ya-vuela-cuatro-veces-la-semana-cartagena-ciudad-mexico","status":"publish","type":"post","link":"https:\/\/revistazetta.com\/?p=33301","title":{"rendered":"Interjet ya vuela cuatro veces a la semana entre Cartagena y Ciudad de M\u00e9xico"},"content":{"rendered":"<div class=\"page\" title=\"Page 1\">\n<div class=\"layoutArea\">\n<div class=\"column\">\n<p>Interjet inaugur\u00f3 su vuelo directo entre la Ciudad de M\u00e9xico y Cartagena, Colombia, con lo cual suma su tercer destino en ese pa\u00eds, ya que actualmente ofrece servicio a las ciudades de Bogot\u00e1 y Medell\u00edn. Lo anterior, como parte de su decidido plan de expansi\u00f3n internacional y el fortalecimiento de una renovada estrategia comercial.<\/p>\n<p>El nuevo vuelo de Interjet opera cuatro frecuencias semanales con el siguiente itinerario:<\/p>\n<div class=\"page\" title=\"Page 1\">\n<table style=\"height: 259px;\" width=\"589\">\n<colgroup>\n<col \/>\n<col \/>\n<col \/>\n<col \/>\n<col \/><\/colgroup>\n<tbody>\n<tr>\n<td>\n<div class=\"layoutArea\">\n<div class=\"column\">\n<p>Origen<\/p>\n<\/div>\n<\/div>\n<\/td>\n<td>\n<div class=\"layoutArea\">\n<div class=\"column\">\n<p>Destino<\/p>\n<\/div>\n<\/div>\n<\/td>\n<td><img decoding=\"async\" src=\"data:image\/png;base64,iVBORw0KGgoAAAANSUhEUgAAAEcAAAABCAYAAACMsbNuAAAAAXNSR0IArs4c6QAAAAlwSFlzAAAQFgAAEBYBWIp9SwAAABlJREFUGBljZGBgyAJiASAeBYgQ+ARkzgcAjT0CDf64howAAAAASUVORK5CYII=\" alt=\"page1image66399280\" width=\"70.100010\" height=\"0.480010\" \/><\/p>\n<div class=\"layoutArea\">\n<div class=\"column\">\n<p>Salida<\/p>\n<\/div>\n<\/div>\n<p><img decoding=\"async\" src=\"data:image\/png;base64,iVBORw0KGgoAAAANSUhEUgAAAEcAAAABCAYAAACMsbNuAAAAAXNSR0IArs4c6QAAAAlwSFlzAAAQFgAAEBYBWIp9SwAAABlJREFUGBljZGBgyAJiASAeBYgQ+ARkzgcAjT0CDf64howAAAAASUVORK5CYII=\" alt=\"page1image66393568\" width=\"70.100010\" height=\"0.480010\" \/><\/td>\n<td><img decoding=\"async\" src=\"data:image\/png;base64,iVBORw0KGgoAAAANSUhEUgAAAEYAAAABCAYAAABjc9hQAAAAAXNSR0IArs4c6QAAAAlwSFlzAAAQAAAAEAABkZ0pGgAAABNJREFUGBljZGBgqALiUYAaAo8BhxcBX4y0ThUAAAAASUVORK5CYII=\" alt=\"page1image66398160\" width=\"69.860010\" height=\"0.480010\" \/><\/p>\n<div class=\"layoutArea\">\n<div class=\"column\">\n<p>Arribo<\/p>\n<\/div>\n<\/div>\n<p><img decoding=\"async\" src=\"data:image\/png;base64,iVBORw0KGgoAAAANSUhEUgAAAEYAAAABCAYAAABjc9hQAAAAAXNSR0IArs4c6QAAAAlwSFlzAAAQAAAAEAABkZ0pGgAAABNJREFUGBljZGBgqALiUYAaAo8BhxcBX4y0ThUAAAAASUVORK5CYII=\" alt=\"page1image66399728\" width=\"69.860010\" height=\"0.480010\" \/><\/td>\n<td>\n<div class=\"layoutArea\">\n<div class=\"column\">\n<p>Frecuencia<\/p>\n<\/div>\n<\/div>\n<\/td>\n<\/tr>\n<tr>\n<td>\n<div class=\"layoutArea\">\n<div class=\"column\">\n<p>MEX<\/p>\n<\/div>\n<\/div>\n<\/td>\n<td>\n<div class=\"layoutArea\">\n<div class=\"column\">\n<p>CTG<\/p>\n<\/div>\n<\/div>\n<\/td>\n<td>\n<div class=\"layoutArea\">\n<div class=\"column\">\n<p>07:40<\/p>\n<\/div>\n<\/div>\n<\/td>\n<td>\n<div class=\"layoutArea\">\n<div class=\"column\">\n<p>12:55<\/p>\n<\/div>\n<\/div>\n<\/td>\n<td>\n<div class=\"layoutArea\">\n<div class=\"column\">\n<p>Lun, Mie, Vie, Dom<\/p>\n<\/div>\n<\/div>\n<\/td>\n<\/tr>\n<tr>\n<td>\n<div class=\"layoutArea\">\n<div class=\"column\">\n<p>CTG<\/p>\n<\/div>\n<\/div>\n<\/td>\n<td>\n<div class=\"layoutArea\">\n<div class=\"column\">\n<p>MEX<\/p>\n<\/div>\n<\/div>\n<\/td>\n<td><img decoding=\"async\" src=\"data:image\/png;base64,iVBORw0KGgoAAAANSUhEUgAAAEcAAAABCAYAAACMsbNuAAAAAXNSR0IArs4c6QAAAAlwSFlzAAAQFgAAEBYBWIp9SwAAABlJREFUGBljZGBgyAJiASAeBYgQ+ARkzgcAjT0CDf64howAAAAASUVORK5CYII=\" alt=\"page1image66292128\" width=\"70.100010\" height=\"0.480010\" \/><\/p>\n<div class=\"layoutArea\">\n<div class=\"column\">\n<p>13:55<\/p>\n<\/div>\n<\/div>\n<\/td>\n<td><img decoding=\"async\" src=\"data:image\/png;base64,iVBORw0KGgoAAAANSUhEUgAAAEYAAAABCAYAAABjc9hQAAAAAXNSR0IArs4c6QAAAAlwSFlzAAAQAAAAEAABkZ0pGgAAABNJREFUGBljZGBgqALiUYAaAo8BhxcBX4y0ThUAAAAASUVORK5CYII=\" alt=\"page1image66291008\" width=\"69.860010\" height=\"0.480010\" \/><\/p>\n<div class=\"layoutArea\">\n<div class=\"column\">\n<p>17:20<\/p>\n<\/div>\n<\/div>\n<\/td>\n<td>\n<div class=\"layoutArea\">\n<div class=\"column\">\n<p>Lun, Mie, Vie, Dom<\/p>\n<\/div>\n<\/div>\n<\/td>\n<\/tr>\n<\/tbody>\n<\/table>\n<\/div>\n<p>Desde sus inicios en 2005, Interjet ha brindado servicio a casi 102 millones de pasajeros, dentro y fuera de la Rep\u00fablica Mexicana, a trav\u00e9s de sus 87 rutas nacionales e internacionales, lo que la ubica como a una de las de mayor relevancia en Norte, Centro y Sudam\u00e9rica.<\/p>\n<p>Los boletos pueden ser adquiridos a trav\u00e9s de todos sus canales de venta con una atractiva tarifa de introducci\u00f3n desde 348 d\u00f3lares, por persona, en viaje redondo con impuestos incluidos. El p\u00fablico tiene hasta el pr\u00f3ximo 2 de enero para adquirir sus vuelos con esta promoci\u00f3n, para viajar hasta al 29 de febrero de 2020.<\/p>\n<p>De esta manera, Interjet ofrece a cada vez m\u00e1s viajeros una alta experiencia de viaje, con un conjunto \u00fanico de servicios que proporcionan el equilibrio perfecto entre costo y beneficio; tal es el caso de su pol\u00edtica de no sobreventa, disfrutar del mayor espacio entre asientos de su categor\u00eda en el continente americano, snacks y bebidas sin costo, as\u00ed como la posibilidad de documentar hasta 50 kilogramos de equipaje en tarifa Priority, entre otros.<\/p>\n<p>El inicio de esta ruta obedece a los altos niveles de preferencia por parte de los viajeros colombianos, al tiempo que la aerol\u00ednea cien por ciento mexicana refuerza su estrategia comercial.<\/p>\n<\/div>\n<\/div>\n<\/div>\n<div class=\"page\" title=\"Page 2\">\n<div class=\"layoutArea\">\n<div class=\"column\">\n<p>Cabe destacar que en la ruta que conecta a la Ciudad de M\u00e9xico con Bogot\u00e1 se han transportado durante los primeros diez meses del a\u00f1o a 154 mil 255 viajeros, lo que signific\u00f3 un aumento de 12 por ciento. As\u00ed tambi\u00e9n, en el mismo lapso, en la ruta Canc\u00fan-Bogot\u00e1 se ha brindando servicio a 101 mil 568 pasajeros, es decir, un crecimiento del 44 por ciento. Todas estas cifras en comparaci\u00f3n con el mismo periodo de 2018. Adem\u00e1s, las rutas reportan factores de ocupaci\u00f3n del 92 y 91.1 por ciento, respectivamente.<\/p>\n<p>En lo que corresponde a Medell\u00edn, la aerol\u00ednea ha servido a m\u00e1s de 67 mil 714 personas desde que inici\u00f3 operaciones en junio pasado, con vuelos directos desde Canc\u00fan y la Ciudad de M\u00e9xico con una frecuencia diaria, lo que le ha permitido alcanzar factores de ocupaci\u00f3n superiores al 91.5 por ciento en ambas rutas.<\/p>\n<p>Para consultar los t\u00e9rminos y condiciones de esta y otras promociones, as\u00ed como ofertas y tarifas de Interjet, los usuarios pueden ingresar a www.interjet.com y disfrutar de los grandes beneficios y descuentos en vuelos que ofrece durante todo el a\u00f1o.<\/p>\n<p>&#8211;00&#8211;<\/p>\n<\/div>\n<\/div>\n<p><img decoding=\"async\" src=\"data:image\/png;base64,iVBORw0KGgoAAAANSUhEUgAAAAEAAAAOCAYAAADuQ3ZcAAAAAXNSR0IArs4c6QAAAAlwSFlzAAANUgAADVIBSqFyHQAAABVJREFUCB1jYGBgCABihh1MIJJMAgBDygEhjS0c9gAAAABJRU5ErkJggg==\" alt=\"page2image34826368\" width=\"0.720000\" height=\"13.440000\" \/> <img decoding=\"async\" src=\"data:image\/png;base64,iVBORw0KGgoAAAANSUhEUgAAAFIAAAABCAYAAABNNvnCAAAAAXNSR0IArs4c6QAAAAlwSFlzAAANFAAADRQBNYNz7wAAABdJREFUGBljFAw9s4NhFFAUAv8ZGHYBAHchA6Uz2BGpAAAAAElFTkSuQmCC\" alt=\"page2image34826944\" width=\"81.624000\" height=\"0.720000\" \/><\/p>\n<div class=\"section\">\n<div class=\"section\">\n<div class=\"layoutArea\">\n<div class=\"column\">\n<p>Acerca de Interjet<\/p>\n<\/div>\n<\/div>\n<\/div>\n<div class=\"section\">\n<div class=\"layoutArea\">\n<div class=\"column\">\n<p>Interjet atiende a casi 14 millones de pasajeros cada a\u00f1o con rutas en M\u00e9xico, Estados Unidos, Canad\u00e1, Centro y Sudam\u00e9rica, brindando servicio a\u00e9reo a 55 destinos en diez pa\u00edses. Durante 2017 Interjet recibi\u00f3 las cuatro estrellas que brinda la Asociaci\u00f3n de Experiencia al Cliente en Aerol\u00edneas, APEX, y adem\u00e1s fue catalogada por TripAdvisor Traveller \u00ecs Choice como \u201cLa mejor aerol\u00ednea de M\u00e9xico\u201d. En 2018 fue reconocida como la Mejor Aerol\u00ednea de su Segmento en M\u00e9xico y la Mejor Tripulaci\u00f3n a Bordo, por la organizaci\u00f3n internacional Skytrax, que eval\u00faa a las empresas m\u00e1s importantes a nivel mundial. Con sede en Ciudad de M\u00e9xico, Interjet ofrece a sus pasajeros mayores conexiones y opciones de viaje, gracias a los convenios con importantes aerol\u00edneas como Alitalia, All Nippon Airways (ANA), American Airlines, British Airways, Emirates, Grupo LATAM, Hainan Airlines, Iberia, Japan Airlines (JAL), Air Canada, Lufthansa y Qatar Airways Para m\u00e1s informaci\u00f3n, visite www.interjet.com o cont\u00e1ctenos en nuestras redes sociales:<\/p>\n<p>FB: @Interjet TW: @Interjet IG: @Interjet.<\/p>\n<\/div>\n<\/div>\n<\/div>\n<\/div>\n<\/div>\n","protected":false},"excerpt":{"rendered":"<p>Interjet inaugur\u00f3 su vuelo directo entre la Ciudad de M\u00e9xico y Cartagena, Colombia, con lo cual suma su tercer destino en ese pa\u00eds, ya que actualmente ofrece servicio a las ciudades de Bogot\u00e1 y Medell\u00edn. Lo anterior, como parte de su decidido plan de expansi\u00f3n internacional y el fortalecimiento de una renovada estrategia comercial. El nuevo vuelo de Interjet opera cuatro frecuencias semanales con el siguiente itinerario: Origen Destino Salida Arribo Frecuencia MEX CTG 07:40 12:55 Lun, Mie, Vie, Dom CTG MEX 13:55 17:20 Lun, Mie, Vie, Dom Desde sus&#8230; <\/p>\n","protected":false},"author":3,"featured_media":33302,"comment_status":"open","ping_status":"closed","sticky":false,"template":"","format":"standard","meta":{"footnotes":"","_links_to":"","_links_to_target":""},"categories":[75,3,52],"tags":[],"class_list":["post-33301","post","type-post","status-publish","format-standard","has-post-thumbnail","hentry","category-destacada","category-ciudad","category-puerto"],"_links":{"self":[{"href":"https:\/\/revistazetta.com\/index.php?rest_route=\/wp\/v2\/posts\/33301","targetHints":{"allow":["GET"]}}],"collection":[{"href":"https:\/\/revistazetta.com\/index.php?rest_route=\/wp\/v2\/posts"}],"about":[{"href":"https:\/\/revistazetta.com\/index.php?rest_route=\/wp\/v2\/types\/post"}],"author":[{"embeddable":true,"href":"https:\/\/revistazetta.com\/index.php?rest_route=\/wp\/v2\/users\/3"}],"replies":[{"embeddable":true,"href":"https:\/\/revistazetta.com\/index.php?rest_route=%2Fwp%2Fv2%2Fcomments&post=33301"}],"version-history":[{"count":0,"href":"https:\/\/revistazetta.com\/index.php?rest_route=\/wp\/v2\/posts\/33301\/revisions"}],"wp:featuredmedia":[{"embeddable":true,"href":"https:\/\/revistazetta.com\/index.php?rest_route=\/wp\/v2\/media\/33302"}],"wp:attachment":[{"href":"https:\/\/revistazetta.com\/index.php?rest_route=%2Fwp%2Fv2%2Fmedia&parent=33301"}],"wp:term":[{"taxonomy":"category","embeddable":true,"href":"https:\/\/revistazetta.com\/index.php?rest_route=%2Fwp%2Fv2%2Fcategories&post=33301"},{"taxonomy":"post_tag","embeddable":true,"href":"https:\/\/revistazetta.com\/index.php?rest_route=%2Fwp%2Fv2%2Ftags&post=33301"}],"curies":[{"name":"wp","href":"https:\/\/api.w.org\/{rel}","templated":true}]}}