{"id":3332,"date":"2014-10-16T06:15:11","date_gmt":"2014-10-16T11:15:11","guid":{"rendered":"http:\/\/www.revistazetta.com\/?p=3332"},"modified":"2014-10-16T12:00:03","modified_gmt":"2014-10-16T17:00:03","slug":"orbita-politica-16-octubre-john-zamora","status":"publish","type":"post","link":"https:\/\/revistazetta.com\/?p=3332","title":{"rendered":"\u00d3rbita pol\u00edtica &#8211; 16 octubre &#8211; John Zamora"},"content":{"rendered":"<div id=\"attachment_3336\" style=\"width: 235px\" class=\"wp-caption alignright\"><a href=\"https:\/\/www.revistazetta.com\/wp-content\/uploads\/2014\/10\/Dumek-\u00f3rbita.jpg\"><img loading=\"lazy\" decoding=\"async\" aria-describedby=\"caption-attachment-3336\" class=\"size-medium wp-image-3336 \" alt=\"Dumek \u00f3rbita\" src=\"https:\/\/www.revistazetta.com\/wp-content\/uploads\/2014\/10\/Dumek-\u00f3rbita-225x300.jpg\" width=\"225\" height=\"300\" srcset=\"https:\/\/revistazetta.com\/wp-content\/uploads\/2014\/10\/Dumek-\u00f3rbita-225x300.jpg 225w, https:\/\/revistazetta.com\/wp-content\/uploads\/2014\/10\/Dumek-\u00f3rbita.jpg 432w\" sizes=\"auto, (max-width: 225px) 100vw, 225px\" \/><\/a><p id=\"caption-attachment-3336\" class=\"wp-caption-text\">Dumek Turbay Paz.<\/p><\/div>\n<p>Cinco personas aparecen en el sonajero de probables sustitutos de Dumek Turbay Paz, quien deja la direcci\u00f3n de Iderbol para aspirar a ala Gobernaci\u00f3n de Bol\u00edvar. Dos son mujeres y funcionarias actuales de Iderbol: Masory Hadechine y Genoveva Mogoll\u00f3n; las otras tres personas son el presidente de la Liga de B\u00e9isbol, Jimmy Herrera; el ex director de Inder Antioquia, Julio Roberto G\u00f3mez, y el periodista Eugenio Baena Calvo, a quien Caracol le dar\u00eda una licencia.<\/p>\n<p><b>Rossana Payares en la Contralor\u00eda General de la Rep\u00fablica<\/b><\/p>\n<div id=\"attachment_3337\" style=\"width: 207px\" class=\"wp-caption alignleft\"><a href=\"https:\/\/www.revistazetta.com\/wp-content\/uploads\/2014\/10\/Rossana-3.jpg\"><img loading=\"lazy\" decoding=\"async\" aria-describedby=\"caption-attachment-3337\" class=\"size-medium wp-image-3337 \" alt=\"Rossana 3\" src=\"https:\/\/www.revistazetta.com\/wp-content\/uploads\/2014\/10\/Rossana-3-197x300.jpg\" width=\"197\" height=\"300\" srcset=\"https:\/\/revistazetta.com\/wp-content\/uploads\/2014\/10\/Rossana-3-197x300.jpg 197w, https:\/\/revistazetta.com\/wp-content\/uploads\/2014\/10\/Rossana-3.jpg 249w\" sizes=\"auto, (max-width: 197px) 100vw, 197px\" \/><\/a><p id=\"caption-attachment-3337\" class=\"wp-caption-text\">Rossana Payares.<\/p><\/div>\n<p>Luego de un proceso de selecci\u00f3n, la comunicadora cartagenera Rossana Payares Altamiranda fue designada como nueva Directora de Comunicaciones de la Contralor\u00eda General de la Rep\u00fablica. Al contralor Edgardo Maya Villaz\u00f3n le impresion\u00f3 su hoja de vida, en una trayectoria nutrida de altos logros tanto en el sector privado como p\u00fablico, ejercida desde Bogot\u00e1, a donde lleg\u00f3 hace varios a\u00f1os para ponerse al frente de una agencia de comunicaci\u00f3n.<\/p>\n<p><b>Las renuncias en simult\u00e1nea<\/b><\/p>\n<p>Parece que el gobernador Juan Carlos Gossa\u00edn no quiere que las renuncias de quienes aspiran a cargos de elecci\u00f3n popular se conviertan en una especie de \u201clanzamiento\u201d de campa\u00f1a, y por eso las aceptar\u00e1 todas el mismo d\u00eda, y nombrar\u00e1 los reemplazos al mismo tiempo. Salen Dumek Turbay (Gobernaci\u00f3n de Bol\u00edvar), Yolanda Wong (Concejo de Cartagena), \u00c1lvaro Redondo (Asamblea de Bol\u00edvar). Dora Carmona se queda en la Secretar\u00eda de Infraestructura.<\/p>\n<p>En cambio, por los lados de la Alcald\u00eda al parecer no hay \u201ccandidatizables\u201d a nada, y el gabinete seguir\u00e1 hasta el final del mandato de Dionisio V\u00e9lez, quien hubiera aprovechado esta coyuntura para salir de uno que otro bagrecito que tiene como colaborador.<\/p>\n<p>&nbsp;<\/p>\n<p><b>Superservicios mediar\u00e1 entre Aguas de Cartagena y Giscol por acueducto de Santa Rosa de Lima<\/b><\/p>\n<div id=\"attachment_3339\" style=\"width: 235px\" class=\"wp-caption alignright\"><a href=\"https:\/\/www.revistazetta.com\/wp-content\/uploads\/2014\/10\/Ferna-\u00d3rbita-1.jpg\"><img loading=\"lazy\" decoding=\"async\" aria-describedby=\"caption-attachment-3339\" class=\"size-medium wp-image-3339 \" alt=\"Ferna \u00d3rbita 1\" src=\"https:\/\/www.revistazetta.com\/wp-content\/uploads\/2014\/10\/Ferna-\u00d3rbita-1-225x300.jpg\" width=\"225\" height=\"300\" srcset=\"https:\/\/revistazetta.com\/wp-content\/uploads\/2014\/10\/Ferna-\u00d3rbita-1-225x300.jpg 225w, https:\/\/revistazetta.com\/wp-content\/uploads\/2014\/10\/Ferna-\u00d3rbita-1.jpg 432w\" sizes=\"auto, (max-width: 225px) 100vw, 225px\" \/><\/a><p id=\"caption-attachment-3339\" class=\"wp-caption-text\">Senador Fernando N. Ara\u00fajo.<\/p><\/div>\n<p>El Senador Fernando Nicol\u00e1s Araujo y la Superintendente de Servicios P\u00fablicos, Patricia Duque, se reunieron para buscar alternativas de soluci\u00f3n al acueducto de Santa Rosa de Lima, municipio ubicado en la zona norte del departamento de Bol\u00edvar.<\/p>\n<p>&nbsp;<\/p>\n<p>\u201cEllos han propuesto una reuni\u00f3n con la empresa operadora de este acueducto (Giscol) con el fin de buscar de manera conjunta y en los mejores t\u00e9rminos una acuerdo que permita llevar el suministro de agua a esta comunidad que lo requiere\u201d, precis\u00f3 Ara\u00fajo.<\/p>\n<p>&nbsp;<\/p>\n<p>El Senador inform\u00f3 que en los pr\u00f3ximos d\u00edas se realizar\u00e1 la mencionada reuni\u00f3n convocada por la Superservicios, \u201cesperamos poder lograr los acuerdos entre Aguas de Cartagena, empresa que podr\u00eda eventualmente proveer agua en bloque y Giscol, operadora del acueducto de los municipios de la l\u00ednea, entre esos Santa Rosa, para que \u00e9stas comunidades puedan tener el preciado l\u00edquido\u201d.<\/p>\n<p>&nbsp;<\/p>\n<p>Previo al encuentro con la Superintedente, el congresista bolivarense se reuni\u00f3 con ambas empresas para mediar en la soluci\u00f3n del problema de la falta de agua potable de los santarroceros.<\/p>\n","protected":false},"excerpt":{"rendered":"<p>Cinco personas aparecen en el sonajero de probables sustitutos de Dumek Turbay Paz, quien deja la direcci\u00f3n de Iderbol para aspirar a ala Gobernaci\u00f3n de Bol\u00edvar. Dos son mujeres y funcionarias actuales de Iderbol: Masory Hadechine y Genoveva Mogoll\u00f3n; las otras tres personas son el presidente de la Liga de B\u00e9isbol, Jimmy Herrera; el ex director de Inder Antioquia, Julio Roberto G\u00f3mez, y el periodista Eugenio Baena Calvo, a quien Caracol le dar\u00eda una licencia. Rossana Payares en la Contralor\u00eda General de la Rep\u00fablica Luego de un proceso de selecci\u00f3n,&#8230; <\/p>\n","protected":false},"author":3,"featured_media":3333,"comment_status":"closed","ping_status":"closed","sticky":false,"template":"","format":"standard","meta":{"footnotes":"","_links_to":"","_links_to_target":""},"categories":[47,45],"tags":[],"class_list":["post-3332","post","type-post","status-publish","format-standard","has-post-thumbnail","hentry","category-john-zamora","category-orbita"],"_links":{"self":[{"href":"https:\/\/revistazetta.com\/index.php?rest_route=\/wp\/v2\/posts\/3332","targetHints":{"allow":["GET"]}}],"collection":[{"href":"https:\/\/revistazetta.com\/index.php?rest_route=\/wp\/v2\/posts"}],"about":[{"href":"https:\/\/revistazetta.com\/index.php?rest_route=\/wp\/v2\/types\/post"}],"author":[{"embeddable":true,"href":"https:\/\/revistazetta.com\/index.php?rest_route=\/wp\/v2\/users\/3"}],"replies":[{"embeddable":true,"href":"https:\/\/revistazetta.com\/index.php?rest_route=%2Fwp%2Fv2%2Fcomments&post=3332"}],"version-history":[{"count":0,"href":"https:\/\/revistazetta.com\/index.php?rest_route=\/wp\/v2\/posts\/3332\/revisions"}],"wp:featuredmedia":[{"embeddable":true,"href":"https:\/\/revistazetta.com\/index.php?rest_route=\/wp\/v2\/media\/3333"}],"wp:attachment":[{"href":"https:\/\/revistazetta.com\/index.php?rest_route=%2Fwp%2Fv2%2Fmedia&parent=3332"}],"wp:term":[{"taxonomy":"category","embeddable":true,"href":"https:\/\/revistazetta.com\/index.php?rest_route=%2Fwp%2Fv2%2Fcategories&post=3332"},{"taxonomy":"post_tag","embeddable":true,"href":"https:\/\/revistazetta.com\/index.php?rest_route=%2Fwp%2Fv2%2Ftags&post=3332"}],"curies":[{"name":"wp","href":"https:\/\/api.w.org\/{rel}","templated":true}]}}