{"id":33332,"date":"2019-11-29T11:09:24","date_gmt":"2019-11-29T16:09:24","guid":{"rendered":"http:\/\/www.revistazetta.com\/?p=33332"},"modified":"2019-11-29T11:21:22","modified_gmt":"2019-11-29T16:21:22","slug":"alcalde-dau-se-entrega-arresto-dice-cedera-acciones-acucar-caza-pelea-directora-caracol","status":"publish","type":"post","link":"https:\/\/revistazetta.com\/?p=33332","title":{"rendered":"Alcalde Dau se entrega para arresto, dice que ceder\u00e1 acciones en Acucar y caza pelea con directora de Caracol"},"content":{"rendered":"<p>Tal como estaba anunciado, el alcalde electo de Cartagena, William Dau, se entreg\u00f3 a la Polic\u00eda en el casino de oficiales de Castillogrande para cumplir con la orden de arresto de tres d\u00edas que le impuso el juzgado Quinto Civil del Circuito por desacato a una tutela que protege derechos fundamentales del gobernador de Bol\u00edvar, Dumek Turbay.<\/p>\n<p>Antes de hacerlo, declar\u00f3 ante las c\u00e1maras de Canal Cartagena (<a href=\"https:\/\/www.facebook.com\/canalcartagena\/videos\/594718648015438\/\" target=\"_blank\" rel=\"noopener\">https:\/\/www.facebook.com\/canalcartagena\/videos\/594718648015438\/<\/a>) que ceder\u00e1 las acciones que tiene en Aguas de Cartagena, lo que nunca le gener\u00f3 inhabilidad alguna, y descalific\u00f3 a un periodista que hizo la denuncia, al se\u00f1alar que para desinformar recibi\u00f3 una OPS para la madre de sus hijas de parte del gobernador Dumek Turbay.<\/p>\n<p>Adem\u00e1s, caz\u00f3 otra pelea con la prensa. Esta vez con la directora de Caracol Radio, Diana Calder\u00f3n, quien inform\u00f3 sobre la denuncia que reposa en la Procuradur\u00eda contra Dau por sus acciones en Acuacar. Calder\u00f3n le llam\u00f3 en m\u00e1s de 10 oportunidades para conocer su posici\u00f3n, como dictan los c\u00e1nones del buen periodismo, pero Dau nunca contest\u00f3, afirman periodistas que le acompa\u00f1aban en cabina.<\/p>\n<p>Calder\u00f3n es una de las periodistas m\u00e1s respetadas del pa\u00eds, con una trayectoria de probado profesionalismo al m\u00e1s alto nivel.<\/p>\n<p>En tono desafiante, y que Revista Zetta rechaza por irrespetuoso y desatinado, el se\u00f1or Dau Chamat plasm\u00f3 esto en su cuenta de Facebook:<\/p>\n<blockquote><p><span style=\"color: #003366;\"><em>Si la periodista DIANA CALDERON no se disculpa o retracta por sus difamatorias declaraciones que hizo en mi contra sin JAMAS haberme entrevistado, es prueba que ella est\u00e1 al servicio de los corruptos malandrines. Varios medios de comunicaci\u00f3n me pidieron, y les suministre con lujo de detalle, explicaciones sobre las acciones que por valor de $500.000 compr\u00e9 hace muchos a\u00f1os en Aguas de Cartagena, en desarrollo de mis actividades como activista anticorrupci\u00f3n. Es falta de profesionalismo o esta al servicio de los corruptos? Que opinan los medios de comunicaci\u00f3n que si se tomaron la molestia de entrevistarme en lugar de acusarme de falta de \u00e9tica? DIANA CALDERON &#8211; Espero tu p\u00fablica disculpa por intentar enlodar mi nombre!!!<\/em><\/span><\/p><\/blockquote>\n<p>&nbsp;<\/p>\n","protected":false},"excerpt":{"rendered":"<p>Tal como estaba anunciado, el alcalde electo de Cartagena, William Dau, se entreg\u00f3 a la Polic\u00eda en el casino de oficiales de Castillogrande para cumplir con la orden de arresto de tres d\u00edas que le impuso el juzgado Quinto Civil del Circuito por desacato a una tutela que protege derechos fundamentales del gobernador de Bol\u00edvar, Dumek Turbay. Antes de hacerlo, declar\u00f3 ante las c\u00e1maras de Canal Cartagena (https:\/\/www.facebook.com\/canalcartagena\/videos\/594718648015438\/) que ceder\u00e1 las acciones que tiene en Aguas de Cartagena, lo que nunca le gener\u00f3 inhabilidad alguna, y descalific\u00f3 a un periodista&#8230; <\/p>\n","protected":false},"author":3,"featured_media":33334,"comment_status":"open","ping_status":"closed","sticky":false,"template":"","format":"standard","meta":{"footnotes":"","_links_to":"","_links_to_target":""},"categories":[75,32],"tags":[],"class_list":["post-33332","post","type-post","status-publish","format-standard","has-post-thumbnail","hentry","category-destacada","category-actualidad-distrito"],"_links":{"self":[{"href":"https:\/\/revistazetta.com\/index.php?rest_route=\/wp\/v2\/posts\/33332","targetHints":{"allow":["GET"]}}],"collection":[{"href":"https:\/\/revistazetta.com\/index.php?rest_route=\/wp\/v2\/posts"}],"about":[{"href":"https:\/\/revistazetta.com\/index.php?rest_route=\/wp\/v2\/types\/post"}],"author":[{"embeddable":true,"href":"https:\/\/revistazetta.com\/index.php?rest_route=\/wp\/v2\/users\/3"}],"replies":[{"embeddable":true,"href":"https:\/\/revistazetta.com\/index.php?rest_route=%2Fwp%2Fv2%2Fcomments&post=33332"}],"version-history":[{"count":0,"href":"https:\/\/revistazetta.com\/index.php?rest_route=\/wp\/v2\/posts\/33332\/revisions"}],"wp:featuredmedia":[{"embeddable":true,"href":"https:\/\/revistazetta.com\/index.php?rest_route=\/wp\/v2\/media\/33334"}],"wp:attachment":[{"href":"https:\/\/revistazetta.com\/index.php?rest_route=%2Fwp%2Fv2%2Fmedia&parent=33332"}],"wp:term":[{"taxonomy":"category","embeddable":true,"href":"https:\/\/revistazetta.com\/index.php?rest_route=%2Fwp%2Fv2%2Fcategories&post=33332"},{"taxonomy":"post_tag","embeddable":true,"href":"https:\/\/revistazetta.com\/index.php?rest_route=%2Fwp%2Fv2%2Ftags&post=33332"}],"curies":[{"name":"wp","href":"https:\/\/api.w.org\/{rel}","templated":true}]}}