{"id":33336,"date":"2019-12-01T08:39:55","date_gmt":"2019-12-01T13:39:55","guid":{"rendered":"http:\/\/www.revistazetta.com\/?p=33336"},"modified":"2019-12-01T08:39:55","modified_gmt":"2019-12-01T13:39:55","slug":"nuevo-personero-75-van-prueba-conocimiento-competencias-laborales","status":"publish","type":"post","link":"https:\/\/revistazetta.com\/?p=33336","title":{"rendered":"Nuevo Personero: 75 van a prueba de conocimiento y competencias laborales"},"content":{"rendered":"<p>La mesa directiva del Concejo de Cartagena luego de revisar, dar respuestas y resolver errores en la transcripci\u00f3n de un apellido de uno de los aspirantes al concurso de m\u00e9ritos para escoger al nuevo Personero Distrital, dio a conocer el listado definitivo de los 75 admitidos y los 16 inadmitidos.<\/p>\n<p>Los 75 aspirantes a convertirse en el nuevo Personero Distrital tienen que presentarse el d\u00eda 2 de diciembre a partir de las 8:00 a.m. al Aula M\u00e1xima de Derecho de la Universidad de Cartagena para realizar prueba de conocimiento acad\u00e9mico y de competencias\u00a0laborales\u00a0frente al cargo.<\/p>\n<p>La mesa directiva del Concejo con sus asesores jur\u00eddicos estudiaron las reclamaciones presentadas por los se\u00f1ores: Eduardo Padilla Hern\u00e1ndez, Mar\u00eda Margarita Monterroza Yee y determinaron su admisi\u00f3n para continuar en el concurso, al igual que el se\u00f1or: H\u00e9ctor Rodolfo Consuegra Salinas, a quien se le present\u00f3 un error en la transcripci\u00f3n de su primer apellido y le hab\u00edan puesto C\u00e1rcamo, cuando en realidad es Consuegra.<\/p>\n<p>Una vez resueltas\u00a0estas reclamaciones la mesa directiva mediante la Resoluci\u00f3n 265 del 30 de noviembre dio a conocer el listado definitivo de admitidos e inadmitidos en la convocatoria p\u00fablica abierta para el proceso de selecci\u00f3n y elecci\u00f3n del Personero Distrital de Cartagena de Indias para el periodo comprendido 2020 a 2024.<\/p>\n<p><strong>Admitidos<\/strong><\/p>\n<p>Abel Jos\u00e9 Espitia Robles, Alcibaldo Enrique Segundo Cruz le\u00f3n, Alfredo Lu\u00eds Cantillo Cabarcas, Ana Patricia L\u00f3pez R\u00edos, Ana Temis Herrera Barrag\u00e1n, Ang\u00e9lica Patricia Martelo Rodr\u00edguez, Antonio Lu\u00eds Urquijo Cruz, Arlet Padilla Llamas, Camilo Torres Ardila, Carlos Ricardo Torres Yarzagaray, Carlos Andr\u00e9s Mendoza, Carlos Jos\u00e9 Naranjo Arabia, Carlos Jos\u00e9 Villamil Becerra, Carmen Elena de Caro Meza, Clemente Lu\u00eds Polo Paz, Daniel Pereira Narv\u00e1ez, Delia Constanza Bechara Llanos, Denise del Carmen Moreno Sierra, Donagel Ahumedo de la Ossa, Edins\u00f3n Castilla Arrieta, Edith Vicenta Tello Caraballos, Eduardo Padilla Hern\u00e1ndez, Elkin Alejandro O\u00f1oro Coneo, Evelin Gonz\u00e1lez Matos, Fabi\u00e1n David Cano Brieva, Francisco Javier Ospina Graterol, Guillermo de Jes\u00fas Torres, Hardying D\u00edaz Canelo, Hebert Jos\u00e9 Rico Royero, H\u00e9ctor Rodolfo C\u00e1rcamo Salinas, Hegel Felipe de la Rosa Patr\u00f3n, Hern\u00e1n de Jes\u00fas Madrid Contreras, Indira Mart\u00ednez Tous, Jackeline Howard Pardo, Jahir Palomino Campo, Jarby Meza Gonz\u00e1lez, Javier Corrales Manjarrez, Jayne Maza Monroy, Jes\u00fas Antonio Herrera Palmera, Jorge Isaac Vergara Mendoza, Jos\u00e9 Ariel Sep\u00falveda Mart\u00ednez, Juan Carlos C\u00e1rcamo Garc\u00eda, Juan Evangelista C\u00f3rdoba Cuero, Juan Pablo Rivera Martelo, Juli\u00e1n Contreras Cortes, Karen Puertas Castro, Ketty Mar\u00eda Guti\u00e9rrez Lora, Libardo Rafael Sierra Pacheco, Lida Mora Rodr\u00edguez, Lilibeth Aguilera P\u00faa, Lu\u00eds Ernesto Ram\u00edrez Hern\u00e1ndez, Lu\u00eds F\u00e9lix Tejeda Ben\u00edtez, Luzmila Pertuz Theran, Mac Arthur S\u00e1enz Mart\u00ednez, Manuel Arango Zambrano, Marcelo Tapia Ariza, Mar\u00eda Del Pilar Garc\u00eda Barros, Mar\u00eda Margarita Monterrosa Yee, Marlyn Del Carmen Agresott P\u00e1ez, Neil Ricardo D\u00edaz\u00a0Lecompte, Orlando Julio Meza, Oswaldo Mart\u00ednez Betancourt, Pedro Lu\u00eds Romero Figueroa, Rafael Miguel Ustaris Gullo, Rafael Ram\u00edrez Urueta, Ricardo Blanco Villanueva, Rinaldi Fox Morillo, Rodrigo Ernesto Mar\u00edn Torres, Ronald Olier Lugo, Rosa Isabel Caraballo Mendoza, Rosalba Jasmin Cabrales Romero, Sabrina Arrieta L\u00f3pez, Winston Garc\u00eda Morales, Yaneth Corrales Mel\u00e9ndez y Yeraida Vega D\u00edaz.<\/p>\n<p><strong>Inadmitidos<\/strong><\/p>\n<p>Alexis Antonio Zabaleta Batista, Elaine Liceth Altamar Cabarcas, Elkin Rafael Cantillo P\u00e9rez, Emilio Jos\u00e9 P\u00e9rez Rebolledo, Humberto Efra\u00edn Mercado, Jhon Edinson Santos\u00a0Mena, Juan Carlos De La Espriella, Karol Jos\u00e9 Ludyan Garc\u00eda, Maikol Domingo P\u00e9rez Canabal, Manuel Casseres Reyes, Mario Reyes Tejedor, Roberto Grau Ortega, Rosario Del Pilar Montenegro, Samir Samudio Jim\u00e9nez, \u00a0Yuri Gonz\u00e1lez Buelvas y Miroslav Sdenko Swoboda Pe\u00f1aranda.<\/p>\n<p>&nbsp;<\/p>\n","protected":false},"excerpt":{"rendered":"<p>La mesa directiva del Concejo de Cartagena luego de revisar, dar respuestas y resolver errores en la transcripci\u00f3n de un apellido de uno de los aspirantes al concurso de m\u00e9ritos para escoger al nuevo Personero Distrital, dio a conocer el listado definitivo de los 75 admitidos y los 16 inadmitidos. Los 75 aspirantes a convertirse en el nuevo Personero Distrital tienen que presentarse el d\u00eda 2 de diciembre a partir de las 8:00 a.m. al Aula M\u00e1xima de Derecho de la Universidad de Cartagena para realizar prueba de conocimiento acad\u00e9mico&#8230; <\/p>\n","protected":false},"author":3,"featured_media":33341,"comment_status":"open","ping_status":"closed","sticky":false,"template":"","format":"standard","meta":{"footnotes":"","_links_to":"","_links_to_target":""},"categories":[75,4],"tags":[],"class_list":["post-33336","post","type-post","status-publish","format-standard","has-post-thumbnail","hentry","category-destacada","category-politica"],"_links":{"self":[{"href":"https:\/\/revistazetta.com\/index.php?rest_route=\/wp\/v2\/posts\/33336","targetHints":{"allow":["GET"]}}],"collection":[{"href":"https:\/\/revistazetta.com\/index.php?rest_route=\/wp\/v2\/posts"}],"about":[{"href":"https:\/\/revistazetta.com\/index.php?rest_route=\/wp\/v2\/types\/post"}],"author":[{"embeddable":true,"href":"https:\/\/revistazetta.com\/index.php?rest_route=\/wp\/v2\/users\/3"}],"replies":[{"embeddable":true,"href":"https:\/\/revistazetta.com\/index.php?rest_route=%2Fwp%2Fv2%2Fcomments&post=33336"}],"version-history":[{"count":0,"href":"https:\/\/revistazetta.com\/index.php?rest_route=\/wp\/v2\/posts\/33336\/revisions"}],"wp:featuredmedia":[{"embeddable":true,"href":"https:\/\/revistazetta.com\/index.php?rest_route=\/wp\/v2\/media\/33341"}],"wp:attachment":[{"href":"https:\/\/revistazetta.com\/index.php?rest_route=%2Fwp%2Fv2%2Fmedia&parent=33336"}],"wp:term":[{"taxonomy":"category","embeddable":true,"href":"https:\/\/revistazetta.com\/index.php?rest_route=%2Fwp%2Fv2%2Fcategories&post=33336"},{"taxonomy":"post_tag","embeddable":true,"href":"https:\/\/revistazetta.com\/index.php?rest_route=%2Fwp%2Fv2%2Ftags&post=33336"}],"curies":[{"name":"wp","href":"https:\/\/api.w.org\/{rel}","templated":true}]}}