{"id":33364,"date":"2019-12-02T06:52:13","date_gmt":"2019-12-02T11:52:13","guid":{"rendered":"http:\/\/www.revistazetta.com\/?p=33364"},"modified":"2019-12-02T06:52:13","modified_gmt":"2019-12-02T11:52:13","slug":"fondo-bicentenario-abre-nueva-convocatoria-becas-universitarias","status":"publish","type":"post","link":"https:\/\/revistazetta.com\/?p=33364","title":{"rendered":"Fondo Bicentenario abre nueva convocatoria de becas universitarias"},"content":{"rendered":"<blockquote><p><strong>Interesados para inscribirse en esta convocatoria\u00a0deben ingresar a\u00a0www.icetex.gov.co. en el link\u00a0https:\/\/n9.cl\/zlrd\u00a0.<\/strong><\/p><\/blockquote>\n<p>La Alcald\u00eda de Cartagena, a trav\u00e9s de la Secretar\u00eda de Educaci\u00f3n Distrital, ofrece otra oportunidad de estudiar una carrera profesional, t\u00e9cnica profesional o tecnol\u00f3gica gratis con la apertura de la convocatoria para becas Fondo Bicentenario 2020-1, del 2 hasta el 9 de diciembre del presente a\u00f1o.<br \/>\nSe trata de un programa de cr\u00e9dito condonable, donde el Distrito asume el 75% de la matr\u00edcula y el otro 25% corre por cuenta de la instituci\u00f3n universitaria.<br \/>\nEn la convocatoria pueden participar j\u00f3venes y adultos bachilleres egresados del sistema educativo oficial de Cartagena o no oficial, con matr\u00edcula contratada que hayan presentado las pruebas ICFES, pertenezcan al estrato 1 y 2 y tengan un puntaje de Sisben entre 0 y 80.<br \/>\nPueden estudiar programas acad\u00e9micos cuyo costo por semestre no supere los 7 Salarios M\u00ednimos Mensuales Legales Vigentes.<br \/>\nLos interesados deben estar previamente inscritos y admitidos por las instituciones de educaci\u00f3n superior aliadas al Fondo Bicentenario: Fundaci\u00f3n Universitaria Colombo Internacional \u2013Unicolombo-; Instituci\u00f3n Tecnol\u00f3gica Colegio Mayor de Bol\u00edvar; Universidad Tecnol\u00f3gica de Bol\u00edvar, Fundaci\u00f3n Tecnol\u00f3gica Antonio de Ar\u00e9valo \u2013Tecnar-; Fundaci\u00f3n Universitaria Tecnol\u00f3gico Comfenalco; Universidad San Buenaventura; Corporaci\u00f3n Universitaria Rafael N\u00fa\u00f1ez; Universidad Abierta y a Distancia \u2013UNAD-; Instituci\u00f3n Universitaria Bellas Artes y Ciencias de Bol\u00edvar \u2013UNIBAC-; Universidad de Cartagena, Universidad Libre de Cartagena, Corporaci\u00f3n Universitaria Minuto de Dios, Corporaci\u00f3n Universitaria Aut\u00f3noma de Nari\u00f1o, Universidad del Sin\u00fa, Universidad de Pamplona, Fundaci\u00f3n Universitaria San Mart\u00edn, Universidad Jorge Tadeo Lozano, Fundaci\u00f3n Universitaria los Libertadores.<br \/>\nPara inscribirse en esta convocatoria\u00a0deben ingresar a\u00a0www.icetex.gov.co. en el link\u00a0https:\/\/n9.cl\/zlrd\u00a0. Esta inscripci\u00f3n los habilita como potencial beneficiario de la beca,\u00a0la cual ser\u00e1 otorgada a los participantes que obtengan los mejores puntajes hasta agotar la disponibilidad de los recursos asignados por el Distrito.<\/p>\n<p>Esta es la d\u00e9cima convocatoria. En las anteriores 1.841 estudiantes se han visto beneficiados con una inversi\u00f3n social de $26.482.538.486 para su educaci\u00f3n superior.<\/p>\n<p><img loading=\"lazy\" decoding=\"async\" class=\"alignnone size-medium wp-image-33366\" src=\"https:\/\/www.revistazetta.com\/wp-content\/uploads\/2019\/12\/PASOS-INSCRIPCI\u00d3N-02-300x300.png\" alt=\"\" width=\"300\" height=\"300\" srcset=\"https:\/\/revistazetta.com\/wp-content\/uploads\/2019\/12\/PASOS-INSCRIPCI\u00d3N-02-300x300.png 300w, https:\/\/revistazetta.com\/wp-content\/uploads\/2019\/12\/PASOS-INSCRIPCI\u00d3N-02-400x400.png 400w, https:\/\/revistazetta.com\/wp-content\/uploads\/2019\/12\/PASOS-INSCRIPCI\u00d3N-02-1024x1024.png 1024w, https:\/\/revistazetta.com\/wp-content\/uploads\/2019\/12\/PASOS-INSCRIPCI\u00d3N-02-146x146.png 146w, https:\/\/revistazetta.com\/wp-content\/uploads\/2019\/12\/PASOS-INSCRIPCI\u00d3N-02-50x50.png 50w, https:\/\/revistazetta.com\/wp-content\/uploads\/2019\/12\/PASOS-INSCRIPCI\u00d3N-02-75x75.png 75w, https:\/\/revistazetta.com\/wp-content\/uploads\/2019\/12\/PASOS-INSCRIPCI\u00d3N-02-85x85.png 85w, https:\/\/revistazetta.com\/wp-content\/uploads\/2019\/12\/PASOS-INSCRIPCI\u00d3N-02-80x80.png 80w, https:\/\/revistazetta.com\/wp-content\/uploads\/2019\/12\/PASOS-INSCRIPCI\u00d3N-02.png 1181w\" sizes=\"auto, (max-width: 300px) 100vw, 300px\" \/><\/p>\n<p><img loading=\"lazy\" decoding=\"async\" class=\"alignnone size-medium wp-image-33367\" src=\"https:\/\/www.revistazetta.com\/wp-content\/uploads\/2019\/12\/REQUERIMIENTOS-01-300x300.png\" alt=\"\" width=\"300\" height=\"300\" srcset=\"https:\/\/revistazetta.com\/wp-content\/uploads\/2019\/12\/REQUERIMIENTOS-01-300x300.png 300w, https:\/\/revistazetta.com\/wp-content\/uploads\/2019\/12\/REQUERIMIENTOS-01-400x400.png 400w, https:\/\/revistazetta.com\/wp-content\/uploads\/2019\/12\/REQUERIMIENTOS-01-1024x1024.png 1024w, https:\/\/revistazetta.com\/wp-content\/uploads\/2019\/12\/REQUERIMIENTOS-01-146x146.png 146w, https:\/\/revistazetta.com\/wp-content\/uploads\/2019\/12\/REQUERIMIENTOS-01-50x50.png 50w, https:\/\/revistazetta.com\/wp-content\/uploads\/2019\/12\/REQUERIMIENTOS-01-75x75.png 75w, https:\/\/revistazetta.com\/wp-content\/uploads\/2019\/12\/REQUERIMIENTOS-01-85x85.png 85w, https:\/\/revistazetta.com\/wp-content\/uploads\/2019\/12\/REQUERIMIENTOS-01-80x80.png 80w, https:\/\/revistazetta.com\/wp-content\/uploads\/2019\/12\/REQUERIMIENTOS-01.png 1181w\" sizes=\"auto, (max-width: 300px) 100vw, 300px\" \/><\/p>\n","protected":false},"excerpt":{"rendered":"<p>Interesados para inscribirse en esta convocatoria\u00a0deben ingresar a\u00a0www.icetex.gov.co. en el link\u00a0https:\/\/n9.cl\/zlrd\u00a0. La Alcald\u00eda de Cartagena, a trav\u00e9s de la Secretar\u00eda de Educaci\u00f3n Distrital, ofrece otra oportunidad de estudiar una carrera profesional, t\u00e9cnica profesional o tecnol\u00f3gica gratis con la apertura de la convocatoria para becas Fondo Bicentenario 2020-1, del 2 hasta el 9 de diciembre del presente a\u00f1o. Se trata de un programa de cr\u00e9dito condonable, donde el Distrito asume el 75% de la matr\u00edcula y el otro 25% corre por cuenta de la instituci\u00f3n universitaria. En la convocatoria pueden participar&#8230; <\/p>\n","protected":false},"author":3,"featured_media":33365,"comment_status":"open","ping_status":"closed","sticky":false,"template":"","format":"standard","meta":{"footnotes":"","_links_to":"","_links_to_target":""},"categories":[75,32],"tags":[],"class_list":["post-33364","post","type-post","status-publish","format-standard","has-post-thumbnail","hentry","category-destacada","category-actualidad-distrito"],"_links":{"self":[{"href":"https:\/\/revistazetta.com\/index.php?rest_route=\/wp\/v2\/posts\/33364","targetHints":{"allow":["GET"]}}],"collection":[{"href":"https:\/\/revistazetta.com\/index.php?rest_route=\/wp\/v2\/posts"}],"about":[{"href":"https:\/\/revistazetta.com\/index.php?rest_route=\/wp\/v2\/types\/post"}],"author":[{"embeddable":true,"href":"https:\/\/revistazetta.com\/index.php?rest_route=\/wp\/v2\/users\/3"}],"replies":[{"embeddable":true,"href":"https:\/\/revistazetta.com\/index.php?rest_route=%2Fwp%2Fv2%2Fcomments&post=33364"}],"version-history":[{"count":0,"href":"https:\/\/revistazetta.com\/index.php?rest_route=\/wp\/v2\/posts\/33364\/revisions"}],"wp:featuredmedia":[{"embeddable":true,"href":"https:\/\/revistazetta.com\/index.php?rest_route=\/wp\/v2\/media\/33365"}],"wp:attachment":[{"href":"https:\/\/revistazetta.com\/index.php?rest_route=%2Fwp%2Fv2%2Fmedia&parent=33364"}],"wp:term":[{"taxonomy":"category","embeddable":true,"href":"https:\/\/revistazetta.com\/index.php?rest_route=%2Fwp%2Fv2%2Fcategories&post=33364"},{"taxonomy":"post_tag","embeddable":true,"href":"https:\/\/revistazetta.com\/index.php?rest_route=%2Fwp%2Fv2%2Ftags&post=33364"}],"curies":[{"name":"wp","href":"https:\/\/api.w.org\/{rel}","templated":true}]}}