{"id":33368,"date":"2019-12-02T10:46:12","date_gmt":"2019-12-02T15:46:12","guid":{"rendered":"http:\/\/www.revistazetta.com\/?p=33368"},"modified":"2019-12-02T10:46:12","modified_gmt":"2019-12-02T15:46:12","slug":"noche-los-mejores-fenalco-2019","status":"publish","type":"post","link":"https:\/\/revistazetta.com\/?p=33368","title":{"rendered":"Noche de los Mejores de Fenalco 2019"},"content":{"rendered":"<p>Este lunes 2 de diciembre, Fenalco Bol\u00edvar celebrar\u00e1 la Noche de los Mejores, evento que realiza cada dos a\u00f1os con la presencia de las autoridades y de los afiliados, en la cual Fenalco Bol\u00edvar entregar\u00e1 las distinciones gremiales contempladas en sus reglamentos, a empresas y empresarios que se han destacado por sus aportes al Gremio y a la comunidad, resaltando su compromiso con el desarrollo del comercio.<\/p>\n<p><strong>MERCURIO DE ORO<\/strong>,\u00a0m\u00e1ximo galard\u00f3n que confiere la Federaci\u00f3n en reconocimiento a la superior labor cumplida a la empresa\u00a0o instituci\u00f3n que haya hecho aportes a la actividad mercantil, especialmente cuando su ejercicio signifique un positivo y significativo aporte a su desarrollo.\u00a0En esta ocasi\u00f3n se entrega reconocimiento a la Sociedad Aeroportuaria de la Costa S.A.<\/p>\n<p><strong>MEDALLA AL COMERCIANTE DISTINGUIDO,<\/strong>\u00a0ser\u00e1 entregada en forma p\u00f3stuma al se\u00f1or\u00a0Jos\u00e9 Saer Baladi fundador de Papeler\u00eda Jonan.<\/p>\n<p><strong>LA MEDALLA A LA LEALTAD GREMIAL,\u00a0<\/strong>es un galard\u00f3n que entrega la Federaci\u00f3n en reconocimiento a la lealtad del afiliado, a su apoyo permanente en favor de las actividades de defensa de los intereses propios del gremio y la sociedad en la observancia de sus principios institucionales.\u00a0Este a\u00f1o el reconocimiento a los muchos lustros de afiliaci\u00f3n y apoyo gremial es para la empresa\u00a0Solo Frenos S.A.S, la cual se ha destacado en el sector del canal especializado de mec\u00e1nica automotriz, sirviendo en varias sucursales en Cartagena y Santa Marta, fundada por el se\u00f1or Asdr\u00fabal Osorio.<\/p>\n<p><strong>MEDALLA COMERCIANTE JOVEN<\/strong>, el Gremio, en su inter\u00e9s de exaltar y promover a quienes desde temprana edad se dedican a las actividades comerciales, cre\u00f3 en el a\u00f1o 2015 la Medalla al Comerciante Joven, hoy en el marco del programa FENALCO INSPIRA la cual se entrega\u00a0a la persona de 35 a\u00f1os o menos, que se ha dedicado al ejercicio de la profesi\u00f3n de comercio, contribuyendo a enaltecerla y a generar desarrollo en el territorio y a ser ejemplo de perseverancia temprana en los emprendimientos.\u00a0Por tercera ocasi\u00f3n se otorga este, siendo escogido el se\u00f1or Enio Villaroel\u00a0Guzm\u00e1n, creador de la empresa T\u00c1TABLUO.<\/p>\n<p>Fenalco, en el marco de su programa Fenaltiendas, el cual tiene por misi\u00f3n defender los intereses generales y sociales del peque\u00f1o comerciante, promoviendo la solidaridad y formaciones de calidad, entrega reconocimientos a Oscar Rafael Barcha Pietro, propietario de la Tienda Guty, ubicada en el tradicional barrio Paraguay, \u00c1lvaro\u00a0Ramos Soto, propietario de Autoservicios El Cabrero, ubicado en el barrio El Cabrero como Tenderos lideres 2018 y 2019 respectivamente.<\/p>\n<p><strong>MEDALLA NACIONAL:\u00a0<\/strong>la Presidencia Nacional entregar\u00e1 la medalla nacional Lorenzo Botero<strong>\u00a0<\/strong>a<strong>\u00a0<\/strong>Rafael del Castillo y Cia.<\/p>\n<p>En el marco de la ceremonia se har\u00e1 entrega de distinciones a la Polic\u00eda Metropolitana de Cartagena, al Grupo GAULA Bol\u00edvar, la Polic\u00eda Fiscal Aduanera y un reconocimiento especial al coronel Misael Ort\u00edz Garz\u00f3n, por su arduo trabajo y dedicaci\u00f3n contra la ESCNNA en Cartagena.<\/p>\n<p>&nbsp;<\/p>\n","protected":false},"excerpt":{"rendered":"<p>Este lunes 2 de diciembre, Fenalco Bol\u00edvar celebrar\u00e1 la Noche de los Mejores, evento que realiza cada dos a\u00f1os con la presencia de las autoridades y de los afiliados, en la cual Fenalco Bol\u00edvar entregar\u00e1 las distinciones gremiales contempladas en sus reglamentos, a empresas y empresarios que se han destacado por sus aportes al Gremio y a la comunidad, resaltando su compromiso con el desarrollo del comercio. MERCURIO DE ORO,\u00a0m\u00e1ximo galard\u00f3n que confiere la Federaci\u00f3n en reconocimiento a la superior labor cumplida a la empresa\u00a0o instituci\u00f3n que haya hecho aportes&#8230; <\/p>\n","protected":false},"author":3,"featured_media":33369,"comment_status":"open","ping_status":"closed","sticky":false,"template":"","format":"standard","meta":{"footnotes":"","_links_to":"","_links_to_target":""},"categories":[3,75,50],"tags":[],"class_list":["post-33368","post","type-post","status-publish","format-standard","has-post-thumbnail","hentry","category-ciudad","category-destacada","category-empresa"],"_links":{"self":[{"href":"https:\/\/revistazetta.com\/index.php?rest_route=\/wp\/v2\/posts\/33368","targetHints":{"allow":["GET"]}}],"collection":[{"href":"https:\/\/revistazetta.com\/index.php?rest_route=\/wp\/v2\/posts"}],"about":[{"href":"https:\/\/revistazetta.com\/index.php?rest_route=\/wp\/v2\/types\/post"}],"author":[{"embeddable":true,"href":"https:\/\/revistazetta.com\/index.php?rest_route=\/wp\/v2\/users\/3"}],"replies":[{"embeddable":true,"href":"https:\/\/revistazetta.com\/index.php?rest_route=%2Fwp%2Fv2%2Fcomments&post=33368"}],"version-history":[{"count":0,"href":"https:\/\/revistazetta.com\/index.php?rest_route=\/wp\/v2\/posts\/33368\/revisions"}],"wp:featuredmedia":[{"embeddable":true,"href":"https:\/\/revistazetta.com\/index.php?rest_route=\/wp\/v2\/media\/33369"}],"wp:attachment":[{"href":"https:\/\/revistazetta.com\/index.php?rest_route=%2Fwp%2Fv2%2Fmedia&parent=33368"}],"wp:term":[{"taxonomy":"category","embeddable":true,"href":"https:\/\/revistazetta.com\/index.php?rest_route=%2Fwp%2Fv2%2Fcategories&post=33368"},{"taxonomy":"post_tag","embeddable":true,"href":"https:\/\/revistazetta.com\/index.php?rest_route=%2Fwp%2Fv2%2Ftags&post=33368"}],"curies":[{"name":"wp","href":"https:\/\/api.w.org\/{rel}","templated":true}]}}