{"id":33375,"date":"2019-12-04T06:34:42","date_gmt":"2019-12-04T11:34:42","guid":{"rendered":"http:\/\/www.revistazetta.com\/?p=33375"},"modified":"2019-12-04T06:34:42","modified_gmt":"2019-12-04T11:34:42","slug":"aprobada-creacion-del-observatorio-politicas-publicas-del-distrito","status":"publish","type":"post","link":"https:\/\/revistazetta.com\/?p=33375","title":{"rendered":"Aprobada creaci\u00f3n del Observatorio de Pol\u00edticas P\u00fablicas del Distrito"},"content":{"rendered":"<div dir=\"auto\">El Concejo de Cartagena aprob\u00f3 en segundo debate el Proyecto de Acuerdo 186 por medio del cual se autoriza al alcalde a crear el Observatorio Distrital de Pol\u00edticas P\u00fablicas como una instancia de monitoreo y evaluaci\u00f3n de las metas propuestas en el Plan de Desarrollo.<\/div>\n<div dir=\"auto\"><\/div>\n<div dir=\"auto\">La iniciativa naci\u00f3 del Concejo y es de la autor\u00eda del Liberal Javier Curi Osorio, quien agradeci\u00f3 a sus colegas por votar positivamente para convertir este Proyecto en Acuerdo Distrital, el cual ser\u00e1 enviado al alcalde para su sanci\u00f3n.<\/div>\n<div dir=\"auto\"><\/div>\n<div dir=\"auto\">\u00abEsperamos que est\u00e9 sea un verdadero instrumento para el fortalecimiento de las acciones de gobierno. En mejorar la definici\u00f3n de los objetivos, las prioridades, la distribuci\u00f3n de los recursos y el monitoreo de las metas establecidas\u00bb, destac\u00f3 Curi Osorio.<\/div>\n<div dir=\"auto\"><\/div>\n<div dir=\"auto\">Este Proyecto de Acuerdo naci\u00f3 con un presupuesto de $300 millones, con la finalidad que se realicen los verdaderos diagn\u00f3sticos de las verdaderas pol\u00edticas p\u00fablicas que se necesitan en Cartagena.<\/div>\n<div dir=\"auto\"><\/div>\n<div dir=\"auto\"><strong>Tres nuevos Proyectos de Acuerdo<\/strong><\/div>\n<div dir=\"auto\">El alcalde Pedrito Pereira Caballero present\u00f3 al Concejo de Cartagena tres nuevos proyectos de acuerdo para su estudio y aprobaci\u00f3n.<\/div>\n<div dir=\"auto\"><\/div>\n<div dir=\"auto\">Las iniciativas tienen como finalidad la creaci\u00f3n del Observatorio Distrital de la Familia, que es una iniciativa de la Concejal de la U, Duvinia Torres Cohen, y hace cinco meses se le hab\u00eda enviado al alcalde para su presentaci\u00f3n al Concejo.<\/div>\n<div dir=\"auto\"><\/div>\n<div dir=\"auto\">Los otros proyectos de acuerdo est\u00e1n relacionados con la autorizaci\u00f3n para recibir facultades y poder prorrogar el contrato con Iluminamos mientras se terminan los estudios que hace Findeter y por medio del cual se hace una incorporaci\u00f3n al presupuesto.<\/div>\n","protected":false},"excerpt":{"rendered":"<p>El Concejo de Cartagena aprob\u00f3 en segundo debate el Proyecto de Acuerdo 186 por medio del cual se autoriza al alcalde a crear el Observatorio Distrital de Pol\u00edticas P\u00fablicas como una instancia de monitoreo y evaluaci\u00f3n de las metas propuestas en el Plan de Desarrollo. La iniciativa naci\u00f3 del Concejo y es de la autor\u00eda del Liberal Javier Curi Osorio, quien agradeci\u00f3 a sus colegas por votar positivamente para convertir este Proyecto en Acuerdo Distrital, el cual ser\u00e1 enviado al alcalde para su sanci\u00f3n. \u00abEsperamos que est\u00e9 sea un verdadero&#8230; <\/p>\n","protected":false},"author":3,"featured_media":33376,"comment_status":"open","ping_status":"closed","sticky":false,"template":"","format":"standard","meta":{"footnotes":"","_links_to":"","_links_to_target":""},"categories":[75,27,4],"tags":[],"class_list":["post-33375","post","type-post","status-publish","format-standard","has-post-thumbnail","hentry","category-destacada","category-politicaconcejo","category-politica"],"_links":{"self":[{"href":"https:\/\/revistazetta.com\/index.php?rest_route=\/wp\/v2\/posts\/33375","targetHints":{"allow":["GET"]}}],"collection":[{"href":"https:\/\/revistazetta.com\/index.php?rest_route=\/wp\/v2\/posts"}],"about":[{"href":"https:\/\/revistazetta.com\/index.php?rest_route=\/wp\/v2\/types\/post"}],"author":[{"embeddable":true,"href":"https:\/\/revistazetta.com\/index.php?rest_route=\/wp\/v2\/users\/3"}],"replies":[{"embeddable":true,"href":"https:\/\/revistazetta.com\/index.php?rest_route=%2Fwp%2Fv2%2Fcomments&post=33375"}],"version-history":[{"count":0,"href":"https:\/\/revistazetta.com\/index.php?rest_route=\/wp\/v2\/posts\/33375\/revisions"}],"wp:featuredmedia":[{"embeddable":true,"href":"https:\/\/revistazetta.com\/index.php?rest_route=\/wp\/v2\/media\/33376"}],"wp:attachment":[{"href":"https:\/\/revistazetta.com\/index.php?rest_route=%2Fwp%2Fv2%2Fmedia&parent=33375"}],"wp:term":[{"taxonomy":"category","embeddable":true,"href":"https:\/\/revistazetta.com\/index.php?rest_route=%2Fwp%2Fv2%2Fcategories&post=33375"},{"taxonomy":"post_tag","embeddable":true,"href":"https:\/\/revistazetta.com\/index.php?rest_route=%2Fwp%2Fv2%2Ftags&post=33375"}],"curies":[{"name":"wp","href":"https:\/\/api.w.org\/{rel}","templated":true}]}}