{"id":33380,"date":"2019-12-04T07:16:39","date_gmt":"2019-12-04T12:16:39","guid":{"rendered":"http:\/\/www.revistazetta.com\/?p=33380"},"modified":"2019-12-04T07:16:39","modified_gmt":"2019-12-04T12:16:39","slug":"cristian-herazo-llega-la-secretaria-la-superintendencia-vigilancia-seguridad","status":"publish","type":"post","link":"https:\/\/revistazetta.com\/?p=33380","title":{"rendered":"Cristian Herazo llega a la Secretar\u00eda de la Superintendencia de Vigilancia y Seguridad"},"content":{"rendered":"<p>El abogado cartagenero Cristian Herazo asumi\u00f3 la secretar\u00eda General de la Superintendencia de Vigilancia y Seguridad.<\/p>\n<p>Despu\u00e9s de obtener m\u00e1s de ocho mil votos en las pasadas elecciones para el Concejo de Cartagena, y no obtener curul pese a su alta votaci\u00f3n, la entidad administrativa consider\u00f3 su hoja de vida y su perfil administrativo.<\/p>\n<p>Herazo buscar\u00e1 dinamizar la misi\u00f3n institucional de la entidad, y hacer de la Secretar\u00eda General de la Supervigilancia una instancia articulada de pol\u00edticas p\u00fablicas.<\/p>\n","protected":false},"excerpt":{"rendered":"<p>El abogado cartagenero Cristian Herazo asumi\u00f3 la secretar\u00eda General de la Superintendencia de Vigilancia y Seguridad. Despu\u00e9s de obtener m\u00e1s de ocho mil votos en las pasadas elecciones para el Concejo de Cartagena, y no obtener curul pese a su alta votaci\u00f3n, la entidad administrativa consider\u00f3 su hoja de vida y su perfil administrativo. Herazo buscar\u00e1 dinamizar la misi\u00f3n institucional de la entidad, y hacer de la Secretar\u00eda General de la Supervigilancia una instancia articulada de pol\u00edticas p\u00fablicas.<\/p>\n","protected":false},"author":3,"featured_media":33381,"comment_status":"open","ping_status":"closed","sticky":false,"template":"","format":"standard","meta":{"footnotes":"","_links_to":"","_links_to_target":""},"categories":[75,4],"tags":[],"class_list":["post-33380","post","type-post","status-publish","format-standard","has-post-thumbnail","hentry","category-destacada","category-politica"],"_links":{"self":[{"href":"https:\/\/revistazetta.com\/index.php?rest_route=\/wp\/v2\/posts\/33380","targetHints":{"allow":["GET"]}}],"collection":[{"href":"https:\/\/revistazetta.com\/index.php?rest_route=\/wp\/v2\/posts"}],"about":[{"href":"https:\/\/revistazetta.com\/index.php?rest_route=\/wp\/v2\/types\/post"}],"author":[{"embeddable":true,"href":"https:\/\/revistazetta.com\/index.php?rest_route=\/wp\/v2\/users\/3"}],"replies":[{"embeddable":true,"href":"https:\/\/revistazetta.com\/index.php?rest_route=%2Fwp%2Fv2%2Fcomments&post=33380"}],"version-history":[{"count":0,"href":"https:\/\/revistazetta.com\/index.php?rest_route=\/wp\/v2\/posts\/33380\/revisions"}],"wp:featuredmedia":[{"embeddable":true,"href":"https:\/\/revistazetta.com\/index.php?rest_route=\/wp\/v2\/media\/33381"}],"wp:attachment":[{"href":"https:\/\/revistazetta.com\/index.php?rest_route=%2Fwp%2Fv2%2Fmedia&parent=33380"}],"wp:term":[{"taxonomy":"category","embeddable":true,"href":"https:\/\/revistazetta.com\/index.php?rest_route=%2Fwp%2Fv2%2Fcategories&post=33380"},{"taxonomy":"post_tag","embeddable":true,"href":"https:\/\/revistazetta.com\/index.php?rest_route=%2Fwp%2Fv2%2Ftags&post=33380"}],"curies":[{"name":"wp","href":"https:\/\/api.w.org\/{rel}","templated":true}]}}