{"id":33383,"date":"2019-12-06T06:53:48","date_gmt":"2019-12-06T11:53:48","guid":{"rendered":"http:\/\/www.revistazetta.com\/?p=33383"},"modified":"2019-12-06T06:53:48","modified_gmt":"2019-12-06T11:53:48","slug":"alumbrado-publico-tibiri-tabara","status":"publish","type":"post","link":"https:\/\/revistazetta.com\/?p=33383","title":{"rendered":"Alumbrado P\u00fablico: en el t\u00edbiri t\u00e1bara"},"content":{"rendered":"<p>La concesi\u00f3n de alumbrado p\u00fablico est\u00e1 en la incertidumbre. De un lado, el actual gobierno que pretende prorrogarla; de otro, el pr\u00f3ximo que no la desea, y en la mitad el actual Concejo que debe actuar como \u00e1rbitro.<\/p>\n<p>LA audiencia p\u00fablica convocada tampoco arroj\u00f3 luces, y lo que qued\u00f3 claro es que no hay unanimidad.<\/p>\n<p>El objetivo de la iniciativa es garantizar el servicio de Alumbrado P\u00fablico en Cartagena a partir del primer d\u00eda del mes de enero del 2020 y por ello, el alcalde Pedrito Pereira, a trav\u00e9s de los Proyectos de Acuerdos 188 y 189, busca la autorizaci\u00f3n del Concejo para establecer una pr\u00f3rroga al actual Consorcio y a la vez, actualizar el esquema tarifario de acuerdo al Estatuto Distrital Tributario.<\/p>\n<p>En la iniciativa, el alcalde aduce que la Ley le permite establecer una pr\u00f3rroga hasta por 9 a\u00f1os y sobre este particular estuvo centrada la participaci\u00f3n de los ciudadanos que expusieron durante la Audiencia P\u00fablica, entre ellos el alcalde electo William Dau Chamat, qui\u00e9n manifest\u00f3 estar de acuerdo con la pr\u00f3rroga, pero por seis meses, para que le de tiempo al nuevo gobierno abrir nueva licitaci\u00f3n o determinar si el Distrito asume y maneja directamente el servicio.<\/p>\n<p>El Distrito tiene en sus manos varias opciones seg\u00fan los t\u00e9cnicos de Findeter que adelantan el estudio: asumir la prestaci\u00f3n directa del servicio, hacer una contrataci\u00f3n interadministrativa, abrir una nueva licitaci\u00f3n y establecer una nueva pr\u00f3rroga con la actual concesi\u00f3n. Pero como se busca, es garantizar el servicio el camino m\u00e1s r\u00e1pido es la pr\u00f3rroga y una renegociaci\u00f3n de las pretensiones del concesionario.<\/p>\n<p>El concejal de ASI, Am\u00e9rico Mendoza, solicit\u00f3 el acompa\u00f1amiento de los entes de control como Contralor\u00eda General de la Rep\u00fablica, Contralor\u00eda Distrital y Procuradur\u00eda. A la vez, present\u00f3 proposici\u00f3n para que la Secretaria General de la Alcald\u00eda les resuelva interrogantes como la caracterizaci\u00f3n y calidad de la iluminaci\u00f3n que se va a utilizar, que se presenten los estudios financieros, que se diga cu\u00e1ntos otros\u00ed se han firmado a lo largo de la concesi\u00f3n, copia de las auditar\u00edas, informes financieros, certificaci\u00f3n de la Oficina Jur\u00eddica y especificaciones t\u00e9cnicas entre otras, para hacer un buen estudio del Proyecto.<\/p>\n<p>C\u00e9sar Pi\u00f3n Gonz\u00e1lez, concejal del Partido de la U, asegur\u00f3 que pedir\u00e1 a la Contralor\u00eda Distrital y la interventor\u00eda de la concesi\u00f3n de alumbrado p\u00fablico, una serie de certificaciones e informes para determinar si es viable o no la aprobaci\u00f3n del proyecto que busca prorrogar la existencia del contrato con dicha concesi\u00f3n.<\/p>\n<p>Entre los datos que solicit\u00f3 el concejal se encuentran las auditor\u00edas\u00a0 que se han realizado a lo largo de la vigencia del contrato, los informes de cumplimiento tanto t\u00e9cnicos como financieros, entre otros.<\/p>\n<p>\u00abEs una decisi\u00f3n que no se puede tomar a la ligera ni con suposiciones. Es importante tener en cuenta la parte t\u00e9cnica y medible para determinar que tan viable es dar continuidad al contrato actual o por el contrario ponerle fin. Por eso pedimos esta informaci\u00f3n para poder evaluar\u00a0 y con base en eso decidir que se debe hacer\u00bb, se\u00f1al\u00f3.<\/p>\n<p>El concejal liberal Javier Curi Osorio expres\u00f3 que el Concejo le ha cumplido a Cartagena con todos los servicios p\u00fablicos. Record\u00f3 la aprobaci\u00f3n del Plan desarrollo Primero La Gente, donde est\u00e1 el camino a seguir sobre la contrataci\u00f3n del Alumbrado P\u00fablico para Cartagena y despu\u00e9s de la salida de Manolo Duque, los alcaldes subsiguientes no lo han cumplido y por ello, se presentan estas dificultades. Afirm\u00f3 que Cartagena tiene una modernizaci\u00f3n del Alumbrado P\u00fablico a medias, ya que la ciudad ha crecido a punta de invasiones; toda vez que no existen planes de viviendas para satisfacer las necesidades de la poblaci\u00f3n.<\/p>\n<p>&nbsp;<\/p>\n","protected":false},"excerpt":{"rendered":"<p>La concesi\u00f3n de alumbrado p\u00fablico est\u00e1 en la incertidumbre. De un lado, el actual gobierno que pretende prorrogarla; de otro, el pr\u00f3ximo que no la desea, y en la mitad el actual Concejo que debe actuar como \u00e1rbitro. LA audiencia p\u00fablica convocada tampoco arroj\u00f3 luces, y lo que qued\u00f3 claro es que no hay unanimidad. El objetivo de la iniciativa es garantizar el servicio de Alumbrado P\u00fablico en Cartagena a partir del primer d\u00eda del mes de enero del 2020 y por ello, el alcalde Pedrito Pereira, a trav\u00e9s de&#8230; <\/p>\n","protected":false},"author":3,"featured_media":33384,"comment_status":"open","ping_status":"closed","sticky":false,"template":"","format":"standard","meta":{"footnotes":"","_links_to":"","_links_to_target":""},"categories":[75,27,4],"tags":[],"class_list":["post-33383","post","type-post","status-publish","format-standard","has-post-thumbnail","hentry","category-destacada","category-politicaconcejo","category-politica"],"_links":{"self":[{"href":"https:\/\/revistazetta.com\/index.php?rest_route=\/wp\/v2\/posts\/33383","targetHints":{"allow":["GET"]}}],"collection":[{"href":"https:\/\/revistazetta.com\/index.php?rest_route=\/wp\/v2\/posts"}],"about":[{"href":"https:\/\/revistazetta.com\/index.php?rest_route=\/wp\/v2\/types\/post"}],"author":[{"embeddable":true,"href":"https:\/\/revistazetta.com\/index.php?rest_route=\/wp\/v2\/users\/3"}],"replies":[{"embeddable":true,"href":"https:\/\/revistazetta.com\/index.php?rest_route=%2Fwp%2Fv2%2Fcomments&post=33383"}],"version-history":[{"count":0,"href":"https:\/\/revistazetta.com\/index.php?rest_route=\/wp\/v2\/posts\/33383\/revisions"}],"wp:featuredmedia":[{"embeddable":true,"href":"https:\/\/revistazetta.com\/index.php?rest_route=\/wp\/v2\/media\/33384"}],"wp:attachment":[{"href":"https:\/\/revistazetta.com\/index.php?rest_route=%2Fwp%2Fv2%2Fmedia&parent=33383"}],"wp:term":[{"taxonomy":"category","embeddable":true,"href":"https:\/\/revistazetta.com\/index.php?rest_route=%2Fwp%2Fv2%2Fcategories&post=33383"},{"taxonomy":"post_tag","embeddable":true,"href":"https:\/\/revistazetta.com\/index.php?rest_route=%2Fwp%2Fv2%2Ftags&post=33383"}],"curies":[{"name":"wp","href":"https:\/\/api.w.org\/{rel}","templated":true}]}}