{"id":33394,"date":"2019-12-06T07:56:26","date_gmt":"2019-12-06T12:56:26","guid":{"rendered":"http:\/\/www.revistazetta.com\/?p=33394"},"modified":"2019-12-06T08:04:48","modified_gmt":"2019-12-06T13:04:48","slug":"las-mil-quinientas-dau-se-retracta-favor-hilsaca-turbay","status":"publish","type":"post","link":"https:\/\/revistazetta.com\/?p=33394","title":{"rendered":"A las mil y quinientas, Dau se retracta en favor de Hilsaca y Turbay"},"content":{"rendered":"<p>El alcalde electo de Cartagena William Dau Chamat public\u00f3 en sus cuenteas de Facebook e Instagram las esperadas retractaciones en favor del gobernador de Bol\u00edvar, Dumek Turbay y su familia, as\u00ed como del empresario Alfonso Hilsaca Eljaude.<\/p>\n<p>Al cumplir una orden de arresto el viernes pasado, Dau hab\u00eda se\u00f1alado que se retractar\u00eda, y as\u00ed sucedi\u00f3 una semana despu\u00e9s.<\/p>\n<p>En ambos casos, obligado por tutelas que protegen derechos fundamentales de los afectados, como el derecho al buen nombre.<\/p>\n<p>En cuando al gobernador Dumek Turbay, su esposa Liliana Majana y su cu\u00f1ado Luis Majana, Dau se\u00f1al\u00f3 que \u00abcon el fin de preservar el derecho constitucional a la honra y el buen nombre de los afectos, me retracto de las publicaciones, manifestaciones y animaciones sobre la conformaci\u00f3n de una red criminal, conductas delictivas y ofensivas realizadas en redes sociales como veedor social anticorrupto\u00bb, contra los mencionados.<\/p>\n<p>Respecto de Alfonso Hilsaca, busca \u00abpreservar el derecho constitucional al buen nombre\u00bb y se retracta de las publicaciones, denuncias y afirmaciones sobre conductas delictivas y ofensivas realizadas en redes sociales.<\/p>\n<p>En las dos retractaciones concluye as\u00ed: \u00abCon el presente acto queda cumplida la orden emitida por la justicia colombiana, compuesta por magistrados, jueces y fiscales a quienes presento mis disculpas p\u00fablicas por mis manifestaciones realizadas hacia ellos relacion\u00e1ndolos al \u00abcartel de la Toga\u00bb, con la firme convicci\u00f3n que son funcionarios probos, y que al igual que los entes de control, realizar\u00e1n una pronta y r\u00e1pida gesti\u00f3n que lleve a la conclusi\u00f3n de los hechos y evidencias puestos en su conocimiento, denuncias y quejas de los cuales me sostengo\u00bb.<\/p>\n<p>Previo a la retractaci\u00f3n, y ante su renuencia a hacerlo, el gobernador de Bol\u00edvar, Dumek Turbay, hab\u00eda solicitado al juez de conocimiento emitir orden de arresto por seis meses contra Dau Chamat.<\/p>\n<p>Varios medios revelaron la estrategia de guerra de miembros del comit\u00e9 de empalme designados por Dau, quienes estaban organizando acciones contra el gobernador Dumek Turbay, quien las pondr\u00e1 en conocimiento de la Fiscal\u00eda.<\/p>\n<p>La retractaci\u00f3n es uno de los deberes de Dau, quien tiene pendiente retirar de sus redes las publicaciones calumniosas contra el gobernador y su familia, lo mismo que con el empresario Hilsaca.<\/p>\n<p>&nbsp;<\/p>\n<p>&nbsp;<\/p>\n<p>&nbsp;<\/p>\n","protected":false},"excerpt":{"rendered":"<p>El alcalde electo de Cartagena William Dau Chamat public\u00f3 en sus cuenteas de Facebook e Instagram las esperadas retractaciones en favor del gobernador de Bol\u00edvar, Dumek Turbay y su familia, as\u00ed como del empresario Alfonso Hilsaca Eljaude. Al cumplir una orden de arresto el viernes pasado, Dau hab\u00eda se\u00f1alado que se retractar\u00eda, y as\u00ed sucedi\u00f3 una semana despu\u00e9s. En ambos casos, obligado por tutelas que protegen derechos fundamentales de los afectados, como el derecho al buen nombre. En cuando al gobernador Dumek Turbay, su esposa Liliana Majana y su cu\u00f1ado&#8230; <\/p>\n","protected":false},"author":3,"featured_media":33395,"comment_status":"open","ping_status":"closed","sticky":false,"template":"","format":"standard","meta":{"footnotes":"","_links_to":"","_links_to_target":""},"categories":[75,4],"tags":[],"class_list":["post-33394","post","type-post","status-publish","format-standard","has-post-thumbnail","hentry","category-destacada","category-politica"],"_links":{"self":[{"href":"https:\/\/revistazetta.com\/index.php?rest_route=\/wp\/v2\/posts\/33394","targetHints":{"allow":["GET"]}}],"collection":[{"href":"https:\/\/revistazetta.com\/index.php?rest_route=\/wp\/v2\/posts"}],"about":[{"href":"https:\/\/revistazetta.com\/index.php?rest_route=\/wp\/v2\/types\/post"}],"author":[{"embeddable":true,"href":"https:\/\/revistazetta.com\/index.php?rest_route=\/wp\/v2\/users\/3"}],"replies":[{"embeddable":true,"href":"https:\/\/revistazetta.com\/index.php?rest_route=%2Fwp%2Fv2%2Fcomments&post=33394"}],"version-history":[{"count":0,"href":"https:\/\/revistazetta.com\/index.php?rest_route=\/wp\/v2\/posts\/33394\/revisions"}],"wp:featuredmedia":[{"embeddable":true,"href":"https:\/\/revistazetta.com\/index.php?rest_route=\/wp\/v2\/media\/33395"}],"wp:attachment":[{"href":"https:\/\/revistazetta.com\/index.php?rest_route=%2Fwp%2Fv2%2Fmedia&parent=33394"}],"wp:term":[{"taxonomy":"category","embeddable":true,"href":"https:\/\/revistazetta.com\/index.php?rest_route=%2Fwp%2Fv2%2Fcategories&post=33394"},{"taxonomy":"post_tag","embeddable":true,"href":"https:\/\/revistazetta.com\/index.php?rest_route=%2Fwp%2Fv2%2Ftags&post=33394"}],"curies":[{"name":"wp","href":"https:\/\/api.w.org\/{rel}","templated":true}]}}