{"id":33405,"date":"2019-12-10T06:59:18","date_gmt":"2019-12-10T11:59:18","guid":{"rendered":"http:\/\/www.revistazetta.com\/?p=33405"},"modified":"2019-12-10T06:59:18","modified_gmt":"2019-12-10T11:59:18","slug":"musica-las-alturas-sublime-apertura-navidad-cartagena","status":"publish","type":"post","link":"https:\/\/revistazetta.com\/?p=33405","title":{"rendered":"M\u00fasica en las Alturas, sublime apertura de Navidad en Cartagena"},"content":{"rendered":"<p>Este martes 10 de diciembre, a las 7:30 de la noche, el Mirador del Convento de La Popa se engalanar\u00e1 nuevamente con \u201cM\u00fasica en las Alturas\u201d, el tradicional concierto con el cual los cartageneros le dan la bienvenida a la celebraci\u00f3n de la Navidad.<\/p>\n<p>&nbsp;<\/p>\n<p>El evento es organizado desde hace siete a\u00f1os por la Instituci\u00f3n Universitaria Bellas Artes y Ciencias de Bol\u00edvar (Unibac), que a\u00f1o tras a\u00f1o, brinda un gran espect\u00e1culo con sus talentosos docentes, estudiantes y egresados del programa profesional de M\u00fasica de su Conservatorio Adolfo Mej\u00eda Navarro.<\/p>\n<p>&nbsp;<\/p>\n<p>En esta oportunidad estar\u00e1n en tarima m\u00e1s de 100 artistas, entre la Orquesta Sinf\u00f3nica de Bol\u00edvar, el taller de \u00d3pera de Unibac, el Coro Polif\u00f3nico Zino Yonusas, el Coro G\u00f3spel Free Voices y los tenores Juan Pablo Cabarcas, \u00c1lvaro Mackenzie y \u00c1ngel David Marzal. Todos #TalentoUnibac.<\/p>\n<p>&nbsp;<\/p>\n<p>Para esta noche especial, \u201cM\u00fasica en las Alturas\u201d ofrecer\u00e1 un repertorio de melod\u00edas cl\u00e1sicas sinf\u00f3nicas, tradicionales colombianas y canciones navide\u00f1as, entre estas: \u201cCascanueces\u201d de Piotr Ilich Chaikovski, \u201cLa Flauta M\u00e1gica\u201d de Wolfgang Amadeus Mozart y \u201cHallelujah\u201d de \u201cEl Mes\u00edas\u201d de Georg Friedrich H\u00e4ndel.<\/p>\n<p>&nbsp;<\/p>\n<p>\u201cEste concierto ya hace parte de la agenda navide\u00f1a de Cartagena, es un evento esperado cada diciembre porque brinda un espect\u00e1culo \u00fanico en la regi\u00f3n, es lindo que los cartageneros puedan apreciar y disfrutar el talento y la disciplina de los profesionales que se est\u00e1n formando en Unibac con un montaje de altura y de mucha calidad art\u00edstica\u201d, indic\u00f3 Sacra N\u00e1der David, rectora de Unibac.<\/p>\n<p>&nbsp;<\/p>\n<p>El evento es gratuito, los interesados en asistir deben retirar la tarjeta f\u00edsica en Unibac (hasta agotar existencia) el lunes 9 de diciembre en el horario de 8:00 a.m. a 12:00 p.m. y de 2:00 a 5:00 p.m. y el martes 10 de diciembre, en el horario de 8:00 a.m. a 12:00 p.m. La Instituci\u00f3n habilitar\u00e1 unas busetas para transportar a los asistentes desde el Parque de la Marina hasta el Mirador del Convento de La Popa y solo podr\u00e1n subir quienes tengan la tarjeta f\u00edsica y se hayan inscrito al momento de retirarla.<\/p>\n","protected":false},"excerpt":{"rendered":"<p>Este martes 10 de diciembre, a las 7:30 de la noche, el Mirador del Convento de La Popa se engalanar\u00e1 nuevamente con \u201cM\u00fasica en las Alturas\u201d, el tradicional concierto con el cual los cartageneros le dan la bienvenida a la celebraci\u00f3n de la Navidad. &nbsp; El evento es organizado desde hace siete a\u00f1os por la Instituci\u00f3n Universitaria Bellas Artes y Ciencias de Bol\u00edvar (Unibac), que a\u00f1o tras a\u00f1o, brinda un gran espect\u00e1culo con sus talentosos docentes, estudiantes y egresados del programa profesional de M\u00fasica de su Conservatorio Adolfo Mej\u00eda Navarro&#8230;. <\/p>\n","protected":false},"author":3,"featured_media":33406,"comment_status":"open","ping_status":"closed","sticky":false,"template":"","format":"standard","meta":{"footnotes":"","_links_to":"","_links_to_target":""},"categories":[75,41,43],"tags":[],"class_list":["post-33405","post","type-post","status-publish","format-standard","has-post-thumbnail","hentry","category-destacada","category-cultura","category-cultura-musica"],"_links":{"self":[{"href":"https:\/\/revistazetta.com\/index.php?rest_route=\/wp\/v2\/posts\/33405","targetHints":{"allow":["GET"]}}],"collection":[{"href":"https:\/\/revistazetta.com\/index.php?rest_route=\/wp\/v2\/posts"}],"about":[{"href":"https:\/\/revistazetta.com\/index.php?rest_route=\/wp\/v2\/types\/post"}],"author":[{"embeddable":true,"href":"https:\/\/revistazetta.com\/index.php?rest_route=\/wp\/v2\/users\/3"}],"replies":[{"embeddable":true,"href":"https:\/\/revistazetta.com\/index.php?rest_route=%2Fwp%2Fv2%2Fcomments&post=33405"}],"version-history":[{"count":0,"href":"https:\/\/revistazetta.com\/index.php?rest_route=\/wp\/v2\/posts\/33405\/revisions"}],"wp:featuredmedia":[{"embeddable":true,"href":"https:\/\/revistazetta.com\/index.php?rest_route=\/wp\/v2\/media\/33406"}],"wp:attachment":[{"href":"https:\/\/revistazetta.com\/index.php?rest_route=%2Fwp%2Fv2%2Fmedia&parent=33405"}],"wp:term":[{"taxonomy":"category","embeddable":true,"href":"https:\/\/revistazetta.com\/index.php?rest_route=%2Fwp%2Fv2%2Fcategories&post=33405"},{"taxonomy":"post_tag","embeddable":true,"href":"https:\/\/revistazetta.com\/index.php?rest_route=%2Fwp%2Fv2%2Ftags&post=33405"}],"curies":[{"name":"wp","href":"https:\/\/api.w.org\/{rel}","templated":true}]}}